{"id":166,"date":"2024-12-10T11:12:00","date_gmt":"2024-12-10T10:12:00","guid":{"rendered":"http:\/\/demo.zozothemes.com\/breno\/snappy-business-inc-report-copy-2\/"},"modified":"2025-04-06T16:03:48","modified_gmt":"2025-04-06T14:03:48","slug":"interesting-ways-to-study-climate-change","status":"publish","type":"post","link":"https:\/\/tunisie-verte-durable.org\/index.php\/news\/2024\/12\/10\/interesting-ways-to-study-climate-change\/","title":{"rendered":"Greenov\u2019i lance son deuxi\u00e8me appel \u00e0 projets pour soutenir les initiatives locales en faveur de l\u2019\u00e9co-entrepreneuriat"},"content":{"rendered":"<div class=\"wpb-content-wrapper\"><p>[vc_row css=&#8221;.vc_custom_1538637735250{padding-top: 0px !important;padding-bottom: 0px !important;}&#8221; el_class=&#8221;single-post&#8221;][vc_column][vc_column_text css=&#8221;.vc_custom_1743947543722{margin-bottom: 25px !important;}&#8221; el_class=&#8221;single-post-content&#8221;]<\/p>\n<p lang=\"fr-FR\" align=\"justify\">\n  Greenov\u2019i, projet financ\u00e9 par l\u2019Union Europ\u00e9enne et mis en \u0153uvre par Expertise France en collaboration avec le CITET, le Minist\u00e8re de l\u2019Environnement et le Minist\u00e8re de l\u2019Economie et de la Planification, lance son deuxi\u00e8me Appel \u00e0 Projets GREEN4REGIONS dans le cadre de son appui \u00e0 l\u2019\u00e9co-entrepreneuriat en Tunisie.<\/p>\n<p lang=\"fr-FR\" align=\"justify\">\n  Ce fonds est dot\u00e9 d\u2019une enveloppe globale de 840 000 \u20ac et propose des subventions comprises entre 50 000 \u20ac et 150 000 \u20ac pour des actions d\u2019une dur\u00e9e de 18 \u00e0 24 mois.<\/p>\n<p lang=\"fr-FR\" align=\"justify\"><b>Objectifs de l&#8217;appel \u00e0 projets<\/b><\/p>\n<p lang=\"fr-FR\" align=\"justify\">\n  L&#8217;objectif principal de cet appel \u00e0 projets est de soutenir des initiatives locales et d\u2019accompagner le d\u00e9veloppement de leurs activit\u00e9s en faveur d\u2019un entrepreneuriat durable. \u00c0 travers cet appel, Greenov\u2019i souhaite identifier des organisations capables de r\u00e9pondre \u00e0 ces d\u00e9fis et de contribuer au d\u00e9veloppement de l\u2019\u00e9co-entrepreneuriat en Tunisie.<\/p>\n<p lang=\"fr-FR\" align=\"justify\"><b>Qui peut participer ?<\/b><\/p>\n<p lang=\"fr-FR\" align=\"justify\">\n  Cet appel \u00e0 projets concerne sp\u00e9cifiquement les :<\/p>\n<ul>\n<li>Organisations non gouvernementales \/ associations<\/li>\n<li>Entreprises priv\u00e9es &#038; publiques<\/li>\n<li>\u00c9tablissements publics \u00e0 caract\u00e8re non administratif (EPNA)<\/li>\n<li>Groupements de d\u00e9veloppement dans les secteurs de l\u2019agriculture<\/li>\n<li>Op\u00e9rateurs du secteur public disposant d\u2019une autonomie financi\u00e8re permettant de g\u00e9rer le volume total de la subvention demand\u00e9e<\/li>\n<\/ul>\n<p lang=\"fr-FR\" align=\"justify\">Les projets recherch\u00e9s doivent :<\/p>\n<ul>\n<li>Appuyer des structures interm\u00e9diaires locales, op\u00e9rant sur les enjeux environnementaux en Tunisie, \u00e0 cr\u00e9er et\/ou d\u00e9velopper des programmes d\u2019accompagnement \u00e0 l\u2019\u00e9co-entrepreneuriat<\/li>\n<li>Appuyer des structures interm\u00e9diaires locales, op\u00e9rant sur les enjeux environnementaux en Tunisie, \u00e0 d\u00e9velopper des m\u00e9canismes de financement ciblant les \u00e9co-entreprises<\/li>\n<\/ul>\n<p lang=\"fr-FR\" align=\"justify\"><b>Soumission des candidatures<\/b><\/p>\n<p lang=\"fr-FR\" align=\"justify\">\n  Toutes les informations relatives \u00e0 cet appel \u00e0 projets sont publi\u00e9es en fran\u00e7ais sur le site web de Greenov\u2019i (lignes directrices, formulaire de candidatures, etc.) via ce lien :<br \/>\n<a href=\"https:\/\/greenovi.tn\/green4regions\/\">https:\/\/greenovi.tn\/green4regions\/<\/a><\/p>\n<p lang=\"fr-FR\" align=\"justify\">Pour postuler, il suffit de :<\/p>\n<ul>\n<li>T\u00e9l\u00e9charger les lignes directrices de l\u2019appel ainsi que les formulaires de candidature sur <a href=\"https:\/\/greenovi.tn\/green4regions\/\">https:\/\/greenovi.tn\/green4regions\/<\/a><\/li>\n<li>Remplir le dossier de soumission et le soumettre avant le 7 f\u00e9vrier 2025 \u00e0 18h<\/li>\n<\/ul>\n<p lang=\"fr-FR\" align=\"justify\"><b>Dates cl\u00e9s<\/b><\/p>\n<ul>\n<li><b>Date limite de soumission :<\/b> 7 f\u00e9vrier 2025 \u00e0 18h<\/li>\n<\/ul>\n<p>[\/vc_column_text][\/vc_column][\/vc_row]<\/p>\n<\/div>","protected":false},"excerpt":{"rendered":"<p>[vc_row css=&#8221;.vc_custom_1538637735250{padding-top: 0px !important;padding-bottom: 0px !important;}&#8221; el_class=&#8221;single-post&#8221;][vc_column][vc_column_text css=&#8221;.vc_custom_1743947543722{margin-bottom: 25px !important;}&#8221; el_class=&#8221;single-post-content&#8221;] Greenov\u2019i, projet financ\u00e9 par l\u2019Union Europ\u00e9enne et mis en \u0153uvre par Expertise France en collaboration avec le CITET, le Minist\u00e8re de l\u2019Environnement et le Minist\u00e8re de l\u2019Economie et de la Planification, lance son deuxi\u00e8me Appel \u00e0 Projets GREEN4REGIONS dans le cadre de son appui<\/p>\n","protected":false},"author":1,"featured_media":6428,"comment_status":"closed","ping_status":"open","sticky":false,"template":"","format":"standard","meta":{"_piecal_is_event":false,"_piecal_start_date":"","_piecal_end_date":"","_piecal_is_allday":false,"footnotes":""},"categories":[51,53],"tags":[21,22,23],"class_list":["post-166","post","type-post","status-publish","format-standard","has-post-thumbnail","hentry","category-news","category-greenovi","tag-business","tag-consulting","tag-finance"],"aioseo_notices":[],"_links":{"self":[{"href":"https:\/\/tunisie-verte-durable.org\/index.php\/wp-json\/wp\/v2\/posts\/166","targetHints":{"allow":["GET"]}}],"collection":[{"href":"https:\/\/tunisie-verte-durable.org\/index.php\/wp-json\/wp\/v2\/posts"}],"about":[{"href":"https:\/\/tunisie-verte-durable.org\/index.php\/wp-json\/wp\/v2\/types\/post"}],"author":[{"embeddable":true,"href":"https:\/\/tunisie-verte-durable.org\/index.php\/wp-json\/wp\/v2\/users\/1"}],"replies":[{"embeddable":true,"href":"https:\/\/tunisie-verte-durable.org\/index.php\/wp-json\/wp\/v2\/comments?post=166"}],"version-history":[{"count":10,"href":"https:\/\/tunisie-verte-durable.org\/index.php\/wp-json\/wp\/v2\/posts\/166\/revisions"}],"predecessor-version":[{"id":6519,"href":"https:\/\/tunisie-verte-durable.org\/index.php\/wp-json\/wp\/v2\/posts\/166\/revisions\/6519"}],"wp:featuredmedia":[{"embeddable":true,"href":"https:\/\/tunisie-verte-durable.org\/index.php\/wp-json\/wp\/v2\/media\/6428"}],"wp:attachment":[{"href":"https:\/\/tunisie-verte-durable.org\/index.php\/wp-json\/wp\/v2\/media?parent=166"}],"wp:term":[{"taxonomy":"category","embeddable":true,"href":"https:\/\/tunisie-verte-durable.org\/index.php\/wp-json\/wp\/v2\/categories?post=166"},{"taxonomy":"post_tag","embeddable":true,"href":"https:\/\/tunisie-verte-durable.org\/index.php\/wp-json\/wp\/v2\/tags?post=166"}],"curies":[{"name":"wp","href":"https:\/\/api.w.org\/{rel}","templated":true}]}}