{"id":168,"date":"2024-07-08T11:12:00","date_gmt":"2024-07-08T09:12:00","guid":{"rendered":"http:\/\/demo.zozothemes.com\/breno\/snappy-business-inc-report-copy-4\/"},"modified":"2025-04-06T16:03:55","modified_gmt":"2025-04-06T14:03:55","slug":"gouvernement-tunisien-selection-collectivites-locales-changement-climatique","status":"publish","type":"post","link":"https:\/\/tunisie-verte-durable.org\/index.php\/news\/2024\/07\/08\/gouvernement-tunisien-selection-collectivites-locales-changement-climatique\/","title":{"rendered":"Le gouvernement tunisien est sur le point de lancer un processus de s\u00e9lection comp\u00e9titif des collectivit\u00e9s locales d\u00e9sireuses d&#8217;agir sur le changement climatique"},"content":{"rendered":"<div class=\"wpb-content-wrapper\"><p>[vc_row css=&#8221;.vc_custom_1538637735250{padding-top: 0px !important;padding-bottom: 0px !important;}&#8221; el_class=&#8221;single-post&#8221;][vc_column][vc_column_text css=&#8221;.vc_custom_1550138370315{margin-bottom: 25px !important;}&#8221; el_class=&#8221;single-post-content&#8221;]La Semaine de l&#8217;adaptation au changement climatique en Tunisie a \u00e9t\u00e9 couronn\u00e9e de succ\u00e8s avec la participation de plus de 600 personnes. Cet \u00e9v\u00e9nement a rassembl\u00e9 des expert\u00b7es, des d\u00e9cideur\u00b7ses et des acteurs engag\u00e9s dans la transition \u00e9cologique pour \u00e9changer des id\u00e9es, partager des exp\u00e9riences et promouvoir des actions concr\u00e8tes face aux d\u00e9fis climatiques.[\/vc_column_text][vc_column_text css=&#8221;.vc_custom_1743714661569{margin-bottom: 0px !important;}&#8221; el_class=&#8221;single-post-content&#8221;]Une r\u00e9cente r\u00e9union \u00e0 Tunis a amen\u00e9 le gouvernement tunisien \u00e0 lancer un processus comp\u00e9titif dans le courant mois pour s\u00e9lectionner neuf communes qui b\u00e9n\u00e9ficieront des subventions dont l&#8217;objectif principal est d\u2019intensifier les actions pour l\u2019adaptation aux impacts du changement climatique et pour les att\u00e9nuer au niveau de leurs communaut\u00e9s, avec le soutien du UN Capital Development Fund (UNCDF) et le financement de l&#8217;Union europ\u00e9enne.<\/p>\n<p>&nbsp;<\/p>\n<p>La publication de l\u2019Appel \u00e0 Manifestation d\u2019Int\u00e9r\u00eat est pr\u00e9vue mi-juillet sur les sites du Minist\u00e8re de l&#8217;Int\u00e9rieur et du Minist\u00e8re de l&#8217;Environnement tunisiens, ainsi que sur ceux des partenaires nationaux tels que la Caisse des Pr\u00eats et de Soutien des Collectivit\u00e9s Locales et la F\u00e9d\u00e9ration Nationale des Communes Tunisiennes.<\/p>\n<p>&nbsp;<\/p>\n<p>&#8220;Un processus concurrentiel est adopt\u00e9 afin de garantir la transparence du choix et de fournir aux communes int\u00e9ress\u00e9es une opportunit\u00e9 ouverte et accessible de mener des actions de lutte contre le changement climatique \u00e0 leur \u00e9chelle&#8221; a comment\u00e9 M. Mohamed Zmerli, Sp\u00e9cialiste changement climatique au UNCDF, lors de la deuxi\u00e8me r\u00e9union du Comit\u00e9 de pilotage tenue le 25 juin 2024.<\/p>\n<p>&nbsp;<\/p>\n<p>Dans cette optique, les communes souhaitant mettre en place des efforts de r\u00e9duction des \u00e9missions de gaz \u00e0 effet de serre et renforcer des investissements dans l&#8217;adaptation en suivant une approche participative et sensible au genre pourront soumettre leur candidature pour b\u00e9n\u00e9ficier d&#8217;un financement climatique suppl\u00e9mentaire associ\u00e9 \u00e0 des initiatives de renforcement des capacit\u00e9s et d&#8217;appui.<\/p>\n<p>&nbsp;<\/p>\n<p>Le programme LoCAL-Tunisie dote les communes et les acteurs locaux avec les moyens de mis en \u0153uvre des mesures concr\u00e8tes de r\u00e9silience climatique et de d\u00e9veloppement durable, selon une approche qui consolide les performances, renforce la planification locale et la ma\u00eetrise d&#8217;ouvrage pour une action climatique au b\u00e9n\u00e9fice des citoyens.<\/p>\n<p>&nbsp;<\/p>\n<p>Le comit\u00e9 de Pilotage de juin a r\u00e9uni les partenaires de mise en \u0153uvre op\u00e9rant dans le domaine de l&#8217;adaptation et de l&#8217;att\u00e9nuation du changement climatique au cours du Mois de l&#8217;environnement en Tunisie. La rencontre a \u00e9t\u00e9 marqu\u00e9e par des discussions et des \u00e9changes enrichissants, t\u00e9moignant de l&#8217;engagement continu de tous les partenaires nationaux et internationaux du programme. Les membres ont \u00e9galement examin\u00e9 les plans d\u2019investissements soumis par les six communes pilotes, validant leur alignement aux conditions minimales et attestant qu&#8217;elles sont pr\u00eates pour la phase de financement.<\/p>\n<p>&nbsp;<\/p>\n<p>LoCAL-Tunisie est un programme mis en \u0153uvre par le UNCDF et financ\u00e9 par l&#8217;Union europ\u00e9enne. Il fait partie du &#8220;Programme d&#8217;Appui \u00e0 l&#8217;Action Environnementale en Tunisie, PAAET&#8221;, qui vise \u00e0 am\u00e9liorer la durabilit\u00e9 de l&#8217;\u00e9conomie tunisienne et \u00e0 initier sa transition \u00e9cologique.[\/vc_column_text][vc_column_text css=&#8221;.vc_custom_1550138395919{margin-bottom: 25px !important;}&#8221; el_class=&#8221;single-post-content&#8221;]Merci \u00e0 tous les participant\u00b7es et partenaires pour leur contribution exceptionnelle \u00e0 cette r\u00e9ussite. Continuons \u00e0 \u0153uvrer ensemble pour un environnement sain et durable ![\/vc_column_text][\/vc_column][\/vc_row]<\/p>\n<\/div>","protected":false},"excerpt":{"rendered":"<p>[vc_row css=&#8221;.vc_custom_1538637735250{padding-top: 0px !important;padding-bottom: 0px !important;}&#8221; el_class=&#8221;single-post&#8221;][vc_column][vc_column_text css=&#8221;.vc_custom_1550138370315{margin-bottom: 25px !important;}&#8221; el_class=&#8221;single-post-content&#8221;]La Semaine de l&#8217;adaptation au changement climatique en Tunisie a \u00e9t\u00e9 couronn\u00e9e de succ\u00e8s avec la participation de plus de 600 personnes. Cet \u00e9v\u00e9nement a rassembl\u00e9 des expert\u00b7es, des d\u00e9cideur\u00b7ses et des acteurs engag\u00e9s dans la transition \u00e9cologique pour \u00e9changer des id\u00e9es, partager des exp\u00e9riences<\/p>\n","protected":false},"author":1,"featured_media":6417,"comment_status":"closed","ping_status":"closed","sticky":false,"template":"","format":"image","meta":{"_piecal_is_event":false,"_piecal_start_date":"","_piecal_end_date":"","_piecal_is_allday":false,"footnotes":""},"categories":[51,55],"tags":[],"class_list":["post-168","post","type-post","status-publish","format-image","has-post-thumbnail","hentry","category-news","category-local","post_format-post-format-image"],"aioseo_notices":[],"_links":{"self":[{"href":"https:\/\/tunisie-verte-durable.org\/index.php\/wp-json\/wp\/v2\/posts\/168","targetHints":{"allow":["GET"]}}],"collection":[{"href":"https:\/\/tunisie-verte-durable.org\/index.php\/wp-json\/wp\/v2\/posts"}],"about":[{"href":"https:\/\/tunisie-verte-durable.org\/index.php\/wp-json\/wp\/v2\/types\/post"}],"author":[{"embeddable":true,"href":"https:\/\/tunisie-verte-durable.org\/index.php\/wp-json\/wp\/v2\/users\/1"}],"replies":[{"embeddable":true,"href":"https:\/\/tunisie-verte-durable.org\/index.php\/wp-json\/wp\/v2\/comments?post=168"}],"version-history":[{"count":10,"href":"https:\/\/tunisie-verte-durable.org\/index.php\/wp-json\/wp\/v2\/posts\/168\/revisions"}],"predecessor-version":[{"id":6511,"href":"https:\/\/tunisie-verte-durable.org\/index.php\/wp-json\/wp\/v2\/posts\/168\/revisions\/6511"}],"wp:featuredmedia":[{"embeddable":true,"href":"https:\/\/tunisie-verte-durable.org\/index.php\/wp-json\/wp\/v2\/media\/6417"}],"wp:attachment":[{"href":"https:\/\/tunisie-verte-durable.org\/index.php\/wp-json\/wp\/v2\/media?parent=168"}],"wp:term":[{"taxonomy":"category","embeddable":true,"href":"https:\/\/tunisie-verte-durable.org\/index.php\/wp-json\/wp\/v2\/categories?post=168"},{"taxonomy":"post_tag","embeddable":true,"href":"https:\/\/tunisie-verte-durable.org\/index.php\/wp-json\/wp\/v2\/tags?post=168"}],"curies":[{"name":"wp","href":"https:\/\/api.w.org\/{rel}","templated":true}]}}