{"id":169,"date":"2024-02-08T11:12:45","date_gmt":"2024-02-08T10:12:45","guid":{"rendered":"http:\/\/demo.zozothemes.com\/breno\/snappy-business-inc-report-copy-5\/"},"modified":"2025-04-06T16:08:34","modified_gmt":"2025-04-06T14:08:34","slug":"un-nouveau-fonds-national-ouvre-la-voie-a-une-action-locale-contre-le-changement-climatique-en-tunisie-2","status":"publish","type":"post","link":"https:\/\/tunisie-verte-durable.org\/index.php\/news\/2024\/02\/08\/un-nouveau-fonds-national-ouvre-la-voie-a-une-action-locale-contre-le-changement-climatique-en-tunisie-2\/","title":{"rendered":"Un nouveau fonds national ouvre la voie \u00e0 une action locale contre le changement climatique en Tunisie"},"content":{"rendered":"<div class=\"wpb-content-wrapper\"><p>[vc_row css=&#8221;.vc_custom_1538637735250{padding-top: 0px !important;padding-bottom: 0px !important;}&#8221; el_class=&#8221;single-post&#8221;][vc_column][vc_column_text css=&#8221;&#8221;]<\/p>\n<p data-pm-slice=\"0 0 []\"><span style=\"color: #333333;\">Lors d&#8217;une r\u00e9union du comit\u00e9 de Pilotage du Fonds des actions climatiques communales qui s\u2019est tenue \u00e0 Tunis r\u00e9cemment, les repr\u00e9sentants du gouvernement tunisien ont annonc\u00e9 la d\u00e9cision de la cr\u00e9ation d\u2019un fonds sp\u00e9cial pour mobiliser et drainer les financements climatiques n\u00e9cessaires afin de les affecter vers les collectivit\u00e9s locales pour entreprendre des actions d&#8217;adaptation et d&#8217;att\u00e9nuation dans les communaut\u00e9s de ce pays d&#8217;Afrique du Nord. Une fois op\u00e9rationnel, le fonds repr\u00e9sente le premier instrument d\u00e9di\u00e9 au financement des projets de lutte contre le changement climatique con\u00e7us localement et donnant la priorit\u00e9 aux besoins au niveau communautaire.<\/span><\/p>\n<p><span style=\"color: #333333;\">Le gouvernement tunisien s\u2019efforce de r\u00e9duire les \u00e9missions de CO2 et d\u2019augmenter les investissements dans l\u2019adaptation au changement climatique dans le cadre d\u2019une approche \u00e0 deux volets pour faire face \u00e0 la p\u00e9nurie croissante de l\u2019eau dans de nombreuses r\u00e9gions du pays, \u00e0 l\u2019augmentation des temp\u00e9ratures et \u00e0 la variabilit\u00e9 des pr\u00e9cipitations. Le nouveau fonds fournit dans un premier temps un cadre pour la r\u00e9partition des subventions de LoCAL, dont la phase de planification et de conception est achev\u00e9e et le lancement aura lieu plus tard dans l\u2019ann\u00e9e avec le soutien technique du Fonds d&#8217;\u00e9quipement des Nations Unies.<\/span><\/p>\n<p>&nbsp;<\/p>\n<blockquote>\n<p><span style=\"color: #333333;\">\u00ab Cette action permettra l&#8217;adaptation au changement climatique au niveau local, en utilisant les syst\u00e8mes budg\u00e9taires existants pour investir dans des actions identifi\u00e9es localement\u00bb<\/span><\/p>\n<\/blockquote>\n<p><span style=\"color: #333333;\"> a d\u00e9clar\u00e9 la ministre de l&#8217;Environnement, Leila Chikhaoui Mahdaoui, qui a ouvert le 29 janvier le Comit\u00e9 dans la capitale Tunis. \u00ab Alors que nous lan\u00e7ons ce processus aujourd\u2019hui\u2026 il est important que nous soyons tous inform\u00e9s et que chacun participe \u00e0 la lutte contre le changement climatique et travaille ensemble pour am\u00e9liorer son environnement.\u00bb<\/span><\/p>\n<p>&nbsp;<\/p>\n<p><span style=\"color: #333333;\">La Tunisie est un pays \u00e0 revenu interm\u00e9diaire qui a r\u00e9cemment publi\u00e9 ses pr\u00e9visions \u00e9conomiques, en partie \u00e0 cause des effets d\u00e9vastateurs d&#8217;une s\u00e9cheresse de quatre ans qui a fait grimper les prix de l&#8217;eau et menace la s\u00e9curit\u00e9 alimentaire. Autrefois, grenier de l&#8217;Empire romain, les agriculteurs tunisiens font face aujourd\u2019hui \u00e0 plusieurs d\u00e9fis notamment des \u00e9pisodes de s\u00e9cheresses r\u00e9currents et la diminution des r\u00e9serves d&#8217;eau. Un ancien mod\u00e8le agricole donnant la priorit\u00e9 aux cultures destin\u00e9es \u00e0 l\u2019exportation \u00e0 forte consommation d&#8217;eau a conduit les agriculteurs \u00e0 se d\u00e9tourner des produits de base traditionnels dans les ann\u00e9es 1970, ce qui rend le pays vuln\u00e9rable face aux importations de c\u00e9r\u00e9ales.<\/span><\/p>\n<p>&nbsp;<\/p>\n<p><span style=\"color: #333333;\">La premi\u00e8re tranche de financement, qui sera mobilis\u00e9e par le fonds des actions climatiques communales (FACC) a \u00e9t\u00e9 accord\u00e9e par l&#8217;Union europ\u00e9enne, pour un montant de 7,65 million de dollars, soit environ 7.12 million d\u2019euro, r\u00e9partis sur quatre cycles budg\u00e9taires.<\/span><\/p>\n<p><span style=\"color: #333333;\">\u00ab L&#8217;Union europ\u00e9enne est fi\u00e8re de soutenir cet engagement\u00bb, a d\u00e9clar\u00e9 Marina Marchetti, Cheffe de la section Inclusion sociale et D\u00e9veloppement durable \u00e0 la d\u00e9l\u00e9gation de l&#8217;Union europ\u00e9enne en Tunisie,<\/span><\/p>\n<p>&nbsp;<\/p>\n<p><span style=\"color: #333333;\">ajoutant &#8220;c&#8217;est un programme crucial pour l&#8217;action collective sur le changement climatique, qui est l\u2019un des probl\u00e8mes les plus urgents de notre \u00e9poque. \u00bb<\/span><\/p>\n<p>&nbsp;<\/p>\n<p><span style=\"color: #333333;\">Dans un premier temps, six communes \u2013 \u00e0 la fois urbaines et rurales aussi bien au niveau des r\u00e9gions c\u00f4ti\u00e8res qu\u2019\u00e0 l\u2019int\u00e9rieur du pays \u2013 recevront un financement pour des actions climatiques identifi\u00e9es localement dans le cadre d&#8217;une phase pilot : il s&#8217;agit de Beni Khedache, Bizerte, Douz, Nabeul, Sfax et Tabarka. Les activit\u00e9s devraient \u00eatre lanc\u00e9es dans neuf autres communes avant la fin de 2025.<\/span><\/p>\n<p>&nbsp;<\/p>\n<blockquote>\n<p><span style=\"color: #333333;\">\u00ab Le minist\u00e8re de l\u2019int\u00e9rieur est profond\u00e9ment convaincu du r\u00f4le crucial des collectivit\u00e9 locales en tant qu\u2019acteurs cl\u00e9s et de premier plan dans la lutte contre le changement climatique. Notre minist\u00e8re est fortement engag\u00e9 \u00e0 orienter et soutenir les six communes qui seront une source d\u2019apprentissage, d\u2019exp\u00e9rimentation et d\u2019inspiration pour les autres communes dans l&#8217;action climatique\u00bb<\/span><\/p>\n<\/blockquote>\n<p>&nbsp;<\/p>\n<p><span style=\"color: #333333;\">a d\u00e9clar\u00e9 Samira Abidi du minist\u00e8re de l&#8217;Int\u00e9rieur, directrice g\u00e9n\u00e9rale de la r\u00e9glementation des r\u00e8glements, de la propret\u00e9 et de la protection de l&#8217;environnement.<\/span><\/p>\n<p>&nbsp;<\/p>\n<p><span style=\"color: #333333;\">LoCAL en Tunisie doit \u00eatre mis en \u0153uvre conjointement par le minist\u00e8re de l&#8217;\u00c9conomie et du Planification, le minist\u00e8re de l&#8217;Environnement, le minist\u00e8re des Finances et le minist\u00e8re de l&#8217;Int\u00e9rieur, avec l&#8217;assistance technique du FENU.<\/span><\/p>\n<p><span style=\"color: #333333;\">S&#8217;adressant \u00e0 un public engag\u00e9 compos\u00e9 de repr\u00e9sentants des trois minist\u00e8res de mise en \u0153uvre, Ronan Pecheur, sp\u00e9cialiste du programme UNCDF supervisant le d\u00e9ploiement de LoCAL en Tunisie, a expliqu\u00e9 l&#8217;approche bas\u00e9e sur la performance des allocations de subventions, con\u00e7ue pour encourager l&#8217;investissement dans les bonnes pratiques et cr\u00e9er un apprentissage vertueux.<\/span><\/p>\n<p><span style=\"color: #333333;\">Alors que les gouvernements locaux sont \u00e9valu\u00e9s sur la mani\u00e8re dont les subventions sont utilis\u00e9es, ce sont les communaut\u00e9s qui d\u00e9cident de la forme que prendront les investissements, en tirant parti de leur exp\u00e9rience v\u00e9cue des impacts du changement climatique pour identifier les investissements qui r\u00e9pondent le mieux \u00e0 leurs besoins.<\/span><\/p>\n<blockquote>\n<p><span style=\"color: #333333;\">\u00abLe plus important, c&#8217;est que la communaut\u00e9 d\u00e9cide\u00bb, a d\u00e9clar\u00e9 M. Pecheur. \u00ab Le changement climatique est un d\u00e9fi mondial, mais ses impacts se font sentir de mani\u00e8re plus aigu\u00eb au niveau local.\u00bb<\/span><\/p>\n<\/blockquote>\n<p><span style=\"color: #333333;\">Avec ce comit\u00e9 de pilotage, LoCAL Tunisie, tous les param\u00e8tres du m\u00e9canisme ont \u00e9t\u00e9 adopt\u00e9s, notamment la composition des organes de gouvernance, l&#8217;ouverture du &#8221; Fonds pour les actions climat des municipalit\u00e9s &#8221; en Tunisie, la s\u00e9lection des 6 premi\u00e8res communes pilotes et le calcul des montants des subventions. La prochaine \u00e9tape importante sera la signature officielle du protocole d&#8217;accord et le versement des subventions, pr\u00e9vu pour la fin du premier trimestre 2024.<\/span>[\/vc_column_text][vc_row_inner][vc_column_inner][vc_column_text]<\/p>\n<blockquote>\n<p>\u201cCes initiatives t\u00e9moignent de l&#8217;engagement des municipalit\u00e9s tunisiennes en faveur de solutions \u00e9nerg\u00e9tiques respectueuses de l&#8217;environnement.\u201d<\/p>\n<\/blockquote>\n<p>[\/vc_column_text][\/vc_column_inner][\/vc_row_inner][\/vc_column][\/vc_row]<\/p>\n<\/div>","protected":false},"excerpt":{"rendered":"<p>[vc_row css=&#8221;.vc_custom_1538637735250{padding-top: 0px !important;padding-bottom: 0px !important;}&#8221; el_class=&#8221;single-post&#8221;][vc_column][vc_column_text css=&#8221;&#8221;] Lors d&#8217;une r\u00e9union du comit\u00e9 de Pilotage du Fonds des actions climatiques communales qui s\u2019est tenue \u00e0 Tunis r\u00e9cemment, les repr\u00e9sentants du gouvernement tunisien ont annonc\u00e9 la d\u00e9cision de la cr\u00e9ation d\u2019un fonds sp\u00e9cial pour mobiliser et drainer les financements climatiques n\u00e9cessaires afin de les affecter vers<\/p>\n","protected":false},"author":1,"featured_media":6405,"comment_status":"open","ping_status":"open","sticky":false,"template":"","format":"image","meta":{"_piecal_is_event":false,"_piecal_start_date":"","_piecal_end_date":"","_piecal_is_allday":false,"footnotes":""},"categories":[51,55],"tags":[],"class_list":["post-169","post","type-post","status-publish","format-image","has-post-thumbnail","hentry","category-news","category-local","post_format-post-format-image"],"aioseo_notices":[],"_links":{"self":[{"href":"https:\/\/tunisie-verte-durable.org\/index.php\/wp-json\/wp\/v2\/posts\/169","targetHints":{"allow":["GET"]}}],"collection":[{"href":"https:\/\/tunisie-verte-durable.org\/index.php\/wp-json\/wp\/v2\/posts"}],"about":[{"href":"https:\/\/tunisie-verte-durable.org\/index.php\/wp-json\/wp\/v2\/types\/post"}],"author":[{"embeddable":true,"href":"https:\/\/tunisie-verte-durable.org\/index.php\/wp-json\/wp\/v2\/users\/1"}],"replies":[{"embeddable":true,"href":"https:\/\/tunisie-verte-durable.org\/index.php\/wp-json\/wp\/v2\/comments?post=169"}],"version-history":[{"count":17,"href":"https:\/\/tunisie-verte-durable.org\/index.php\/wp-json\/wp\/v2\/posts\/169\/revisions"}],"predecessor-version":[{"id":6448,"href":"https:\/\/tunisie-verte-durable.org\/index.php\/wp-json\/wp\/v2\/posts\/169\/revisions\/6448"}],"wp:featuredmedia":[{"embeddable":true,"href":"https:\/\/tunisie-verte-durable.org\/index.php\/wp-json\/wp\/v2\/media\/6405"}],"wp:attachment":[{"href":"https:\/\/tunisie-verte-durable.org\/index.php\/wp-json\/wp\/v2\/media?parent=169"}],"wp:term":[{"taxonomy":"category","embeddable":true,"href":"https:\/\/tunisie-verte-durable.org\/index.php\/wp-json\/wp\/v2\/categories?post=169"},{"taxonomy":"post_tag","embeddable":true,"href":"https:\/\/tunisie-verte-durable.org\/index.php\/wp-json\/wp\/v2\/tags?post=169"}],"curies":[{"name":"wp","href":"https:\/\/api.w.org\/{rel}","templated":true}]}}