{"id":6407,"date":"2024-06-12T22:44:00","date_gmt":"2024-06-12T20:44:00","guid":{"rendered":"https:\/\/tunisie-verte-durable.org\/?p=6407"},"modified":"2025-04-06T16:08:32","modified_gmt":"2025-04-06T14:08:32","slug":"six-communautes-identifient-leurs-priorites-pour-lattenuation-et-ladaptation-au-changement-climatique","status":"publish","type":"post","link":"https:\/\/tunisie-verte-durable.org\/index.php\/news\/2024\/06\/12\/six-communautes-identifient-leurs-priorites-pour-lattenuation-et-ladaptation-au-changement-climatique\/","title":{"rendered":"Six communaut\u00e9s identifient leurs priorit\u00e9s pour l&#8217;att\u00e9nuation et l\u2019adaptation au changement climatique."},"content":{"rendered":"<div class=\"wpb-content-wrapper\"><p>[vc_row css=&#8221;.vc_custom_1538637735250{padding-top: 0px !important;padding-bottom: 0px !important;}&#8221; el_class=&#8221;single-post&#8221;][vc_column][vc_column_text css=&#8221;.vc_custom_1743714284633{margin-bottom: 25px !important;}&#8221; el_class=&#8221;single-post-content&#8221;]<\/p>\n<p data-pm-slice=\"0 0 []\"><span style=\"color: #808080;\">La collecte des eaux de pluie, la surveillance de la qualit\u00e9 de l&#8217;eau de mer, le recyclage des d\u00e9chets, l&#8217;\u00e9clairage public photovolta\u00efque \u2026Telles sont certaines des priorit\u00e9s list\u00e9es par des collectivit\u00e9s tunisiennes qui, en ce moment, \u00e9laborent des plans d&#8217;adaptation pour pallier aux besoins de leurs habitants face aux cons\u00e9quences du changement climatique. La diversit\u00e9 des projets propos\u00e9s d\u00e9montre qu&#8217;il n&#8217;existe pas une seule et unique solution pour lutter contre le changement climatique et que la flexibilit\u00e9 des modalit\u00e9s de financement est essentielle pour obtenir des r\u00e9sultats durables.<\/span><\/p>\n<p><span style=\"color: #808080;\">En Tunisie, le UN Capital Development Fund (UNCDF) et le gouvernement oeuvrent \u00e0 renforcer l&#8217;adaptation et l&#8217;att\u00e9nuation du changement climatique au niveau local en utilisant le \u00ab M\u00e9canisme de financement de l\u2019adaptation men\u00e9e au niveau local de la Facilit\u00e9 LoCAL \u00bb, grace au soutien financier de l&#8217;Union europ\u00e9enne. LoCAL est un m\u00e9canisme permettant d&#8217;acheminer des financements climatiques vers les communaut\u00e9s en suivant une approche standardis\u00e9e qui peut \u00eatre appliqu\u00e9e de mani\u00e8re flexible en fonction des besoins locaux. Des experts du minist\u00e8re de l\u2019Environnement et de l&#8217;\u00e9quipe du UNCDF ont r\u00e9cemment visit\u00e9 les six communes engag\u00e9es dans ce nouveau projet pilote, en vue de la finalisation des plans, qui ouvriront la voie aux allocations de subventions.<\/span><\/p>\n<blockquote>\n<p><span style=\"color: #808080;\">\u00ab Apr\u00e8s avoir rencontr\u00e9 les repr\u00e9sentants des communes, nous sommes convaincus que les plans \u00e9labor\u00e9s au niveau communautaire contribueront de mani\u00e8re significative \u00e0 l&#8217;adaptation et \u00e0 l&#8217;att\u00e9nuation de l&#8217;impact du changement climatique en Tunisie \u00bb, a d\u00e9clar\u00e9 Mohamed Zmerli, sp\u00e9cialiste du changement climatique, qui a dirig\u00e9 l&#8217;\u00e9quipe du UNCDF. \u00ab Nous avons \u00e9t\u00e9 enthousiasm\u00e9s par le large \u00e9ventail d&#8217;activit\u00e9s qui ont \u00e9t\u00e9 identifi\u00e9es, ce qui, je crois, illustre pourquoi il est si important d&#8217;int\u00e9grer les voix des communaut\u00e9s le plus t\u00f4t possible dans la conception du projet et le processus de prise de d\u00e9cision \u00bb.<\/span><\/p>\n<\/blockquote>\n<p><span style=\"color: #808080;\">Les communes pilotes devraient recevoir leurs premi\u00e8res allocations de fonds en 2024, sous forme de subventions transf\u00e9r\u00e9es aux autorit\u00e9s gouvernementales locales selon les syst\u00e8mes fiscaux nationaux. La mission avait aussi pour but de guider les futurs b\u00e9n\u00e9ficiaires afin de garantir que les actions propos\u00e9es remplissent les conditions d&#8217;\u00e9ligibilit\u00e9 au financement et s&#8217;alignent sur les plans nationaux et r\u00e9gionaux pour l&#8217;att\u00e9nuation du changement climatique et l&#8217;adaptation \u00e0 ses impacts.<\/span><\/p>\n<p>&nbsp;<\/p>\n<p><span style=\"color: #808080;\">La Facilit\u00e9 LoCAL canalise les financements climatiques vers les gouvernements locaux sous la forme de Subventions pour la R\u00e9silience Climatique Bas\u00e9es sur la Performance (SRCBP). Ces fonds incitent les collectivit\u00e9s locales \u00e0 int\u00e9grer la gestion des impacts du climat dans leurs priorit\u00e9s de d\u00e9veloppement local. Des conditions minimales sont mises en place pour mesurer et informer les montants des subventions ult\u00e9rieures. Suivant ce syst\u00e8me, chaque commune a d\u00fb organiser et mener une s\u00e9rie de r\u00e9unions communautaires afin de recueillir les contributions et les id\u00e9es des habitants sur les projets climatiques qu&#8217;ils souhaitent voir se r\u00e9aliser dans leur quartier.<\/span><\/p>\n<p>&nbsp;<\/p>\n<p><span style=\"color: #808080;\">Les six communes s\u00e9lectionn\u00e9es pour la phase pilote de LoCAL en Tunisie sont Beni Khedech, Bizerte, Douz, Sfax, Nabeul et Tbarka. Ces communaut\u00e9s ont \u00e9t\u00e9 retenues parce qu&#8217;elles repr\u00e9sentent une vari\u00e9t\u00e9 de topographies et d&#8217;activit\u00e9s \u00e9conomiques confront\u00e9es \u00e0 un ensemble de d\u00e9fis li\u00e9s au changement climatique.<\/span><\/p>\n<p>&nbsp;<\/p>\n<p><span style=\"color: #808080;\">Par exemple, la commune agricole montagneuse de Beni Khedech a d\u00e9cid\u00e9 de concentrer ses actions sur la cr\u00e9ation d&#8217;un projet d&#8217;\u00e9clairage photovolta\u00efque int\u00e9gr\u00e9, d&#8217;un syst\u00e8me de collecte des eaux de pluie et de reboisement avec des figuiers locaux dans onze \u00e9tablissements publics, tous regroup\u00e9s en tant que premi\u00e8re action climatique, le tout en utilisant la technologie LED pour l&#8217;\u00e9clairage public, et aussi impliquant la r\u00e9novation et l&#8217;am\u00e9lioration de quatre cours d&#8217;eau r\u00e9gionaux provenant des montagnes, ce qui offre un potentiel pour le d\u00e9veloppement de l&#8217;agriculture dans la commune.<\/span><\/p>\n<p>&nbsp;<\/p>\n<p><span style=\"color: #808080;\">\u00c0 Bizerte, la ville la plus septentrionale d&#8217;Afrique, la communaut\u00e9 a propos\u00e9 une vari\u00e9t\u00e9 d&#8217;actions individuelles, ce qui en fait la commune ayant le plus grand nombre de propositions de projets. Il s&#8217;agit notamment de mobiliser une unit\u00e9 civile (g\u00e9r\u00e9e par de jeunes volontaires) pour contr\u00f4ler la qualit\u00e9 de l&#8217;eau de mer, de cr\u00e9er des zones vertes \u00e0 c\u00f4t\u00e9 de l&#8217;h\u00f4pital local, ainsi que des points de collecte pour les d\u00e9chets organiques et plastiques. Il est \u00e9galement pr\u00e9vu de mettre en place une installation de recyclage dans la r\u00e9gion.<\/span><\/p>\n<p>&nbsp;<\/p>\n<p><span style=\"color: #808080;\">La commune de Douz, dans le sud de la Tunisie, autrefois lieu de passage des commer\u00e7ants traversant le Sahara, a choisi de travailler sur trois actions distinctes. Il s&#8217;agit du reboisement \u00e0 partir des eaux us\u00e9es trait\u00e9es et des citernes, de l&#8217;\u00e9clairage \u00e0 faible consommation d&#8217;\u00e9nergie des b\u00e2timents municipaux et de la cr\u00e9ation d&#8217;un village \u00e9cologique dans l&#8217;oasis m\u00e9ridionale de Ksar Ghilene. Ce dernier vise \u00e0 tirer parti du charme exclusif du lieu tout en d\u00e9montrant une faible empreinte environnementale.<\/span><\/p>\n<p>&nbsp;<\/p>\n<p><span style=\"color: #808080;\">Pour la commune de Nabeul, situ\u00e9e sur la c\u00f4te nord de la Tunisie et destination touristique populaire, les repr\u00e9sentants de la communaut\u00e9 ont mis en \u00e9vidence une s\u00e9rie de besoins et de mesures concernant les \u00e9conomie d&#8217;eau, la pr\u00e9vention des ph\u00e9nom\u00e8nes m\u00e9t\u00e9orologiques extr\u00eames, la lutte contre l&#8217;\u00e9rosion des plages et la pr\u00e9servation des \u00e9cosyst\u00e8mes fragiles et vuln\u00e9rables au changement climatique.<\/span><\/p>\n<p>&nbsp;<\/p>\n<p><span style=\"color: #808080;\">Pour la commune de Sfax, une commune essentiellement urbaine situ\u00e9e sur la c\u00f4te sud de la Tunisie, les plans se concentrent sur la gestion les d\u00e9chets. \u00c0 cet \u00e9gard, la commune pr\u00e9voit d&#8217;utiliser la totalit\u00e9 de sa subvention de cette ann\u00e9e pour mettre en place une station de recyclage des d\u00e9chets organiques, qui sera situ\u00e9e au march\u00e9 de vente en gros de Sfax. Le gouvernement local a identifi\u00e9 un site d&#8217;une superficie globale de 3600 m2 et \u00e9labore des plans pour l&#8217;achat d&#8217;\u00e9quipements n\u00e9cessaires au contr\u00f4le de la qualit\u00e9, au conditionnement et \u00e0 la certification des mat\u00e9riaux recycl\u00e9s.<\/span><\/p>\n<p>&nbsp;<\/p>\n<p><span style=\"color: #808080;\">La discussion et la concertation dans la commune de Tbarka, situ\u00e9e sur la c\u00f4te nord pr\u00e8s de la fronti\u00e8re alg\u00e9rienne, ont d\u00e9termin\u00e9 deux actions distinctes. L&#8217;une vise \u00e0 am\u00e9liorer le syst\u00e8me d&#8217;\u00e9clairage public de la r\u00e9gion en rempla\u00e7ant les lampes actuelles par des lampes \u00e0 \u00e9conomie d&#8217;\u00e9nergie dans le centre-ville, les zones touristiques et trois parcs verts. L&#8217;autre vise \u00e0 am\u00e9liorer le recyclage et la gestion des d\u00e9chets gr\u00e2ce \u00e0 l&#8217;acquisition et \u00e0 l&#8217;installation d&#8217;environ 40 \u00e0 50 poubelles sp\u00e9ciales. Ces poubelles seront r\u00e9parties dans dix \u00ab points chauds \u00bb o\u00f9 les syst\u00e8mes de collecte des d\u00e9chets sont fragiles.<\/span><\/p>\n<p>&nbsp;<\/p>\n<p><span style=\"color: #808080;\">La Tunisie est un pays \u00e0 revenu interm\u00e9diaire qui a r\u00e9cemment publi\u00e9 ses projections \u00e9conomiques, dans lesquelles elle mentionne les d\u00e9fis auxquels elle est confront\u00e9e, notamment les effets aggravants d&#8217;une s\u00e9cheresse de quatre ans qui a fait grimper les prix de l&#8217;eau et menace la s\u00e9curit\u00e9 alimentaire. Le secteur agricole dans son ensemble et les agriculteurs tunisiens sont aujourd&#8217;hui confront\u00e9s \u00e0 des contraintes importantes, notamment des s\u00e9cheresses r\u00e9currentes et une diminution des r\u00e9serves d&#8217;eau.<\/span><\/p>\n<p>&nbsp;<\/p>\n<p><span style=\"color: #808080;\">Le plan de financement, qui sera mobilis\u00e9 par le Fonds Communal d&#8217;Action pour le Climat (FCAC), a \u00e9t\u00e9 accord\u00e9 par l&#8217;Union europ\u00e9enne, pour un montant total de 7,12 millions d&#8217;euros, \u00e0 r\u00e9partir sur quatre cycles budg\u00e9taires.<\/span>[\/vc_column_text][vc_column_text css=&#8221;.vc_custom_1550138411793{margin-bottom: 0px !important;}&#8221; el_class=&#8221;single-post-content&#8221;]Gr\u00e2ce \u00e0 cet engouement, la Tunisie r\u00e9affirme son engagement en faveur d\u2019une adaptation r\u00e9siliente et durable face aux changements climatiques. Les \u00e9changes ont permis de renforcer la coop\u00e9ration et d\u2019identifier des solutions novatrices pour un avenir plus vert.[\/vc_column_text][vc_column_text css=&#8221;.vc_custom_1550138395919{margin-bottom: 25px !important;}&#8221; el_class=&#8221;single-post-content&#8221;]Merci \u00e0 tous les participant\u00b7es et partenaires pour leur contribution exceptionnelle \u00e0 cette r\u00e9ussite. Continuons \u00e0 \u0153uvrer ensemble pour un environnement sain et durable ![\/vc_column_text][\/vc_column][\/vc_row]<\/p>\n<\/div>","protected":false},"excerpt":{"rendered":"<p>[vc_row css=&#8221;.vc_custom_1538637735250{padding-top: 0px !important;padding-bottom: 0px !important;}&#8221; el_class=&#8221;single-post&#8221;][vc_column][vc_column_text css=&#8221;.vc_custom_1743714284633{margin-bottom: 25px !important;}&#8221; el_class=&#8221;single-post-content&#8221;] La collecte des eaux de pluie, la surveillance de la qualit\u00e9 de l&#8217;eau de mer, le recyclage des d\u00e9chets, l&#8217;\u00e9clairage public photovolta\u00efque \u2026Telles sont certaines des priorit\u00e9s list\u00e9es par des collectivit\u00e9s tunisiennes qui, en ce moment, \u00e9laborent des plans d&#8217;adaptation pour pallier aux besoins<\/p>\n","protected":false},"author":1,"featured_media":6410,"comment_status":"open","ping_status":"open","sticky":false,"template":"","format":"image","meta":{"_piecal_is_event":false,"_piecal_start_date":"","_piecal_end_date":"","_piecal_is_allday":false,"footnotes":""},"categories":[51,55],"tags":[],"class_list":["post-6407","post","type-post","status-publish","format-image","has-post-thumbnail","hentry","category-news","category-local","post_format-post-format-image"],"aioseo_notices":[],"_links":{"self":[{"href":"https:\/\/tunisie-verte-durable.org\/index.php\/wp-json\/wp\/v2\/posts\/6407","targetHints":{"allow":["GET"]}}],"collection":[{"href":"https:\/\/tunisie-verte-durable.org\/index.php\/wp-json\/wp\/v2\/posts"}],"about":[{"href":"https:\/\/tunisie-verte-durable.org\/index.php\/wp-json\/wp\/v2\/types\/post"}],"author":[{"embeddable":true,"href":"https:\/\/tunisie-verte-durable.org\/index.php\/wp-json\/wp\/v2\/users\/1"}],"replies":[{"embeddable":true,"href":"https:\/\/tunisie-verte-durable.org\/index.php\/wp-json\/wp\/v2\/comments?post=6407"}],"version-history":[{"count":6,"href":"https:\/\/tunisie-verte-durable.org\/index.php\/wp-json\/wp\/v2\/posts\/6407\/revisions"}],"predecessor-version":[{"id":6444,"href":"https:\/\/tunisie-verte-durable.org\/index.php\/wp-json\/wp\/v2\/posts\/6407\/revisions\/6444"}],"wp:featuredmedia":[{"embeddable":true,"href":"https:\/\/tunisie-verte-durable.org\/index.php\/wp-json\/wp\/v2\/media\/6410"}],"wp:attachment":[{"href":"https:\/\/tunisie-verte-durable.org\/index.php\/wp-json\/wp\/v2\/media?parent=6407"}],"wp:term":[{"taxonomy":"category","embeddable":true,"href":"https:\/\/tunisie-verte-durable.org\/index.php\/wp-json\/wp\/v2\/categories?post=6407"},{"taxonomy":"post_tag","embeddable":true,"href":"https:\/\/tunisie-verte-durable.org\/index.php\/wp-json\/wp\/v2\/tags?post=6407"}],"curies":[{"name":"wp","href":"https:\/\/api.w.org\/{rel}","templated":true}]}}