{"id":6445,"date":"2025-03-28T23:42:00","date_gmt":"2025-03-28T22:42:00","guid":{"rendered":"https:\/\/tunisie-verte-durable.org\/?p=6445"},"modified":"2025-04-06T16:08:29","modified_gmt":"2025-04-06T14:08:29","slug":"greenovi-events-2025-annonce-des-structures-selectionnees","status":"publish","type":"post","link":"https:\/\/tunisie-verte-durable.org\/index.php\/news\/2025\/03\/28\/greenovi-events-2025-annonce-des-structures-selectionnees\/","title":{"rendered":"Greenov\u2019i Events 2025\u00a0: Annonce des structures s\u00e9lectionn\u00e9es"},"content":{"rendered":"<div class=\"wpb-content-wrapper\"><p>[vc_row css=&#8221;.vc_custom_1538637735250{padding-top: 0px !important;padding-bottom: 0px !important;}&#8221; el_class=&#8221;single-post&#8221;][vc_column][vc_column_text css=&#8221;.vc_custom_1743948374415{margin-bottom: 25px !important;}&#8221; el_class=&#8221;single-post-content&#8221;]<span style=\"color: #6e6e6e;\">Dans le cadre de son engagement en faveur de la transition \u00e9cologique et de l\u2019accompagnement des initiatives vertes, Greenov\u2019i a lanc\u00e9 en octobre 2024 l\u2019<\/span><a href=\"https:\/\/greenovi.tn\/2024\/11\/12\/greenovievents\/\"><span style=\"color: #1a6166;\"><u>Appel \u00e0 Manifestation d\u2019Int\u00e9r\u00eat<\/u><\/span><\/a><span style=\"color: #6e6e6e;\">\u00a0Greenov\u2019i Events 2025.<\/span><\/p>\n<p><span style=\"color: #6e6e6e;\">\u00c0 l\u2019issue d\u2019un processus de s\u00e9lection rigoureux, sept structures ont \u00e9t\u00e9 retenues pour b\u00e9n\u00e9ficier d\u2019un appui \u00e0 l\u2019organisation de leurs \u00e9v\u00e9nements en faveur du d\u00e9veloppement de l\u2019entrepreneuriat vert en Tunisie. Ces initiatives, qui se tiendront dans diff\u00e9rentes r\u00e9gions du pays, constitueront des espaces privil\u00e9gi\u00e9s pour mobiliser les acteurs de l\u2019\u00e9co-entrepreneuriat et promouvoir des solutions innovantes pour un d\u00e9veloppement durable.<\/span><\/p>\n<p><span style=\"color: #009ca6;\"><i><b>\u00ab\u00a0Sustainability Festival\u00a0\u00bb<\/b><\/i><\/span><span style=\"color: #009ca6;\"><b>\u00a0organis\u00e9 par\u00a0<\/b><\/span><a href=\"https:\/\/www.abcconsulting.tn\/\"><span style=\"color: #0000ff;\"><u><b>ABConsulting<\/b><\/u><\/span><\/a><span style=\"color: #009ca6;\"><b>,\u00a0Sfax<\/b><\/span><\/p>\n<p><span style=\"color: #6e6e6e;\">Le \u00ab Sustainability Festival \u2013 Sfax Edition \u00bb sera un \u00e9v\u00e9nement enti\u00e8rement d\u00e9di\u00e9 \u00e0 la promotion de la durabilit\u00e9 sous toutes ses formes et aura lieu le 31 octobre \u00e0 Sfax. A travers un espace d\u2019exposition, cet \u00e9v\u00e9nement mettra en avant des solutions innovantes dans les domaines de la mobilit\u00e9 &amp; transport, agriculture durable, gestion des d\u00e9chets, \u00e9nergie et infrastructure etc. Des panels et sessions d\u2019information traiterons de th\u00e9matiques li\u00e9es \u00e0 la finance durable et \u00e0 l\u2019approche genre dans la finance climatique. Enfin, un Sustainable Fashion Show viendra mettre en lumi\u00e8re des collections de lignes de v\u00eatements \u00e9cologiques et respectueuses de l\u2019environnement.<\/span><\/p>\n<p><span style=\"color: #009ca6;\"><i><b>\u00ab\u00a0Forum Convergences Tunisie 2025\u00a0\u00bb<\/b><\/i><\/span><span style=\"color: #009ca6;\"><b>\u00a0organis\u00e9 par\u00a0<\/b><\/span><a href=\"https:\/\/www.acted.org\/fr\/pays\/tunisie\/\"><span style=\"color: #0000ff;\"><u><b>Acted<\/b><\/u><\/span><\/a><span style=\"color: #009ca6;\"><b>, Tunis<\/b><\/span><\/p>\n<p><span style=\"color: #6e6e6e;\">Le Forum Convergences Tunisie 2025 r\u00e9unira des acteurs locaux pour r\u00e9pondre aux enjeux sp\u00e9cifiques de chaque r\u00e9gion. Il se tiendra \u00e0 travers des tables rondes, des ateliers pratiques, et un espace d\u00e9di\u00e9 aux entrepreneurs sociaux. Ce forum mettra l\u2019accent sur les initiatives locales, en particulier celles port\u00e9es par les mouvements de jeunesse, pour encourager la transition \u00e9cologique et le d\u00e9veloppement durable.<\/span><\/p>\n<p><span style=\"color: #009ca6;\"><i><b>\u00ab\u00a0Hackathon ClimAdapt\u00a0\u00bb<\/b><\/i><\/span><span style=\"color: #009ca6;\"><b>\u00a0organis\u00e9 par\u00a0<\/b><\/span><a href=\"https:\/\/www.ageos.org\/\"><span style=\"color: #0000ff;\"><u><b>AGEOS<\/b><\/u><\/span><\/a><span style=\"color: #009ca6;\"><b>\u00a0(Association africaine pour la promotion du g\u00e9ospatial), Sousse<\/b><\/span><\/p>\n<p><span style=\"color: #6e6e6e;\">Le Hackathon ClimAdapt 2025, pr\u00e9vu pour le 4 et 5 octobre \u00e0 Sousse, rassemblera les jeunes talents, chercheurs et entrepreneurs \u00e0 d\u00e9velopper des solutions technologiques innovantes pour faire face aux changements climatiques en Tunisie. Cet \u00e9v\u00e9nement se concentre sur deux axes majeurs : l\u2019utilisation des donn\u00e9es g\u00e9ospatiales et de l\u2019IA pour la gestion climatique, et l\u2019innovation en \u00e9conomie circulaire pour favoriser des mod\u00e8les durables.<\/span><\/p>\n<p><span style=\"color: #009ca6;\"><i><b>\u00ab\u00a0Hackathon S4S 2025 (2\u1d49 \u00e9dition)\u00a0\u00bb<\/b><\/i><\/span><span style=\"color: #009ca6;\"><b>\u00a0organis\u00e9 par\u00a0<\/b><\/span><a href=\"https:\/\/datadoit.io\/\"><span style=\"color: #0000ff;\"><u><b>DataDoIt<\/b><\/u><\/span><\/a><span style=\"color: #009ca6;\"><b>, B\u00e9ja<\/b><\/span><\/p>\n<p><span style=\"color: #6e6e6e;\">Le Hackathon S4S 2025 vise \u00e0 promouvoir l\u2019innovation num\u00e9rique pour relever les d\u00e9fis du climat et de la biodiversit\u00e9. L\u2019\u00e9v\u00e9nement rassemblera chercheurs, d\u00e9veloppeurs et \u00e9tudiants pour d\u00e9velopper des solutions utilisant l\u2019intelligence artificielle afin de prot\u00e9ger les \u00e9cosyst\u00e8mes et r\u00e9duire l\u2019empreinte carbone. Pendant 48h, les participants b\u00e9n\u00e9ficieront de formations et de mentorat pour concevoir des projets concrets.<\/span><\/p>\n<p><span style=\"color: #009ca6;\"><i><b>\u00ab\u00a0Forum Tunisie \u00c9cologique\u00a0\u00bb<\/b><\/i><\/span><span style=\"color: #009ca6;\"><b>\u00a0organis\u00e9 par\u00a0<\/b><\/span><a href=\"https:\/\/www.facebook.com\/profile.php?id=61563062852705\"><span style=\"color: #0000ff;\"><u><b>Escape Pass<\/b><\/u><\/span><\/a><span style=\"color: #009ca6;\"><b>, Jendouba<\/b><\/span><\/p>\n<p><span style=\"color: #6e6e6e;\">Le Forum Tunisie \u00e9cologique, r\u00e9unira experts, entrepreneurs et acteurs de la soci\u00e9t\u00e9 civile pour discuter des enjeux \u00e9cologiques en Tunisie. L\u2019\u00e9v\u00e9nement vise \u00e0 promouvoir l\u2019innovation verte, renforcer les comp\u00e9tences des entrepreneurs verts et favoriser les \u00e9changes entre les acteurs de l\u2019\u00e9cosyst\u00e8me. Il proposera des conf\u00e9rences, des ateliers interactifs, des sessions de pitch pour les start-ups vertes et un espace d\u2019exposition pour mettre en avant des produits et services \u00e9cologiques.<\/span><\/p>\n<p><span style=\"color: #009ca6;\"><i><b>\u00ab\u00a0Green Bazar<\/b><\/i><\/span><span style=\"color: #009ca6;\"><b>\u00a0\u00bb organis\u00e9 par\u00a0<\/b><\/span><a href=\"https:\/\/futureislands.net\/\"><span style=\"color: #0000ff;\"><u><b>Future Islands<\/b><\/u><\/span><\/a><span style=\"color: #009ca6;\"><b>, Kef et Kairouan<\/b><\/span><\/p>\n<p><span style=\"color: #6e6e6e;\">Le Green Bazar aura lieu le 8 mai au Kef et le 15 mai \u00e0 Kairouan. Cet \u00e9v\u00e9nement r\u00e9unira des startups et des entreprises innovantes \u0153uvrant dans la transition \u00e9cologique et offrira une plateforme dynamique pour \u00e9changer des solutions durables et renforcer la coop\u00e9ration entre acteurs locaux et internationaux. Des experts partageront leurs connaissances et bonnes pratiques en mati\u00e8re de durabilit\u00e9, enrichissant ainsi les \u00e9changes dans les deux r\u00e9gions.<\/span><\/p>\n<p><span style=\"color: #009ca6;\"><span lang=\"en-US\"><i><b>\u00ab\u00a0Hackathon RECLAIMING OUR WATER\u00a0\u00bb\u00a0<\/b><\/i><\/span><\/span><span style=\"color: #009ca6;\"><span lang=\"en-US\"><b>organis\u00e9 par\u00a0<\/b><\/span><\/span><a href=\"https:\/\/www.facebook.com\/GlobalshapersTunis\/\"><span style=\"color: #0000ff;\"><span lang=\"en-US\"><u><b>Global Shapers Tunis Hub<\/b><\/u><\/span><\/span><\/a><span style=\"color: #009ca6;\"><span lang=\"en-US\"><b>, Tunis<\/b><\/span><\/span><\/p>\n<p><span style=\"color: #6e6e6e;\">Ce hackathon vise \u00e0 sensibiliser aux enjeux de la gestion de l\u2019eau et \u00e0 promouvoir la cr\u00e9ation de solutions innovantes pour pr\u00e9server les ressources en Tunisie. Sur deux jours, les participants, encadr\u00e9s par des leaders locaux, exploreront des outils pour g\u00e9n\u00e9rer des id\u00e9es cr\u00e9atives adapt\u00e9es aux d\u00e9fis sp\u00e9cifiques du pays.<\/span>[\/vc_column_text][vc_column_text css=&#8221;.vc_custom_1550138411793{margin-bottom: 0px !important;}&#8221; el_class=&#8221;single-post-content&#8221;]Gr\u00e2ce \u00e0 cet engouement, la Tunisie r\u00e9affirme son engagement en faveur d\u2019une adaptation r\u00e9siliente et durable face aux changements climatiques. Les \u00e9changes ont permis de renforcer la coop\u00e9ration et d\u2019identifier des solutions novatrices pour un avenir plus vert.[\/vc_column_text][vc_column_text css=&#8221;.vc_custom_1550138395919{margin-bottom: 25px !important;}&#8221; el_class=&#8221;single-post-content&#8221;]Merci \u00e0 tous les participant\u00b7es et partenaires pour leur contribution exceptionnelle \u00e0 cette r\u00e9ussite. Continuons \u00e0 \u0153uvrer ensemble pour un environnement sain et durable ![\/vc_column_text][\/vc_column][\/vc_row]<\/p>\n<\/div>","protected":false},"excerpt":{"rendered":"<p>[vc_row css=&#8221;.vc_custom_1538637735250{padding-top: 0px !important;padding-bottom: 0px !important;}&#8221; el_class=&#8221;single-post&#8221;][vc_column][vc_column_text css=&#8221;.vc_custom_1743948374415{margin-bottom: 25px !important;}&#8221; el_class=&#8221;single-post-content&#8221;]Dans le cadre de son engagement en faveur de la transition \u00e9cologique et de l\u2019accompagnement des initiatives vertes, Greenov\u2019i a lanc\u00e9 en octobre 2024 l\u2019Appel \u00e0 Manifestation d\u2019Int\u00e9r\u00eat\u00a0Greenov\u2019i Events 2025. \u00c0 l\u2019issue d\u2019un processus de s\u00e9lection rigoureux, sept structures ont \u00e9t\u00e9 retenues pour b\u00e9n\u00e9ficier d\u2019un<\/p>\n","protected":false},"author":1,"featured_media":6446,"comment_status":"closed","ping_status":"open","sticky":false,"template":"","format":"image","meta":{"_piecal_is_event":false,"_piecal_start_date":"","_piecal_end_date":"","_piecal_is_allday":false,"footnotes":""},"categories":[51,53],"tags":[],"class_list":["post-6445","post","type-post","status-publish","format-image","has-post-thumbnail","hentry","category-news","category-greenovi","post_format-post-format-image"],"aioseo_notices":[],"_links":{"self":[{"href":"https:\/\/tunisie-verte-durable.org\/index.php\/wp-json\/wp\/v2\/posts\/6445","targetHints":{"allow":["GET"]}}],"collection":[{"href":"https:\/\/tunisie-verte-durable.org\/index.php\/wp-json\/wp\/v2\/posts"}],"about":[{"href":"https:\/\/tunisie-verte-durable.org\/index.php\/wp-json\/wp\/v2\/types\/post"}],"author":[{"embeddable":true,"href":"https:\/\/tunisie-verte-durable.org\/index.php\/wp-json\/wp\/v2\/users\/1"}],"replies":[{"embeddable":true,"href":"https:\/\/tunisie-verte-durable.org\/index.php\/wp-json\/wp\/v2\/comments?post=6445"}],"version-history":[{"count":5,"href":"https:\/\/tunisie-verte-durable.org\/index.php\/wp-json\/wp\/v2\/posts\/6445\/revisions"}],"predecessor-version":[{"id":6523,"href":"https:\/\/tunisie-verte-durable.org\/index.php\/wp-json\/wp\/v2\/posts\/6445\/revisions\/6523"}],"wp:featuredmedia":[{"embeddable":true,"href":"https:\/\/tunisie-verte-durable.org\/index.php\/wp-json\/wp\/v2\/media\/6446"}],"wp:attachment":[{"href":"https:\/\/tunisie-verte-durable.org\/index.php\/wp-json\/wp\/v2\/media?parent=6445"}],"wp:term":[{"taxonomy":"category","embeddable":true,"href":"https:\/\/tunisie-verte-durable.org\/index.php\/wp-json\/wp\/v2\/categories?post=6445"},{"taxonomy":"post_tag","embeddable":true,"href":"https:\/\/tunisie-verte-durable.org\/index.php\/wp-json\/wp\/v2\/tags?post=6445"}],"curies":[{"name":"wp","href":"https:\/\/api.w.org\/{rel}","templated":true}]}}