{"id":6546,"date":"2025-04-22T17:48:46","date_gmt":"2025-04-22T15:48:46","guid":{"rendered":"https:\/\/tunisie-verte-durable.org\/?p=6546"},"modified":"2025-04-22T18:30:18","modified_gmt":"2025-04-22T16:30:18","slug":"apprendre-a-produire-son-bilan-carbone","status":"publish","type":"post","link":"https:\/\/tunisie-verte-durable.org\/index.php\/news\/2025\/04\/22\/apprendre-a-produire-son-bilan-carbone\/","title":{"rendered":"Apprendre \u00e0 produire son Bilan Carbone"},"content":{"rendered":"<div class=\"wpb-content-wrapper\"><p>[vc_row css=&#8221;.vc_custom_1538637735250{padding-top: 0px !important;padding-bottom: 0px !important;}&#8221; el_class=&#8221;single-post&#8221;][vc_column][vc_column_text css=&#8221;.vc_custom_1745339413927{margin-bottom: -40px !important;}&#8221; el_class=&#8221;single-post-content&#8221;]<\/p>\n<section><span style=\"color: #333333;\">Suivre et contr\u00f4ler le niveau des \u00e9missions de carbone en vue de les r\u00e9duire. C&#8217;est le sens de la formation qu\u2019a organis\u00e9 le Programme \u00ab Tunisie Verte &amp; Durable \u00bb pour l\u2019appui de l\u2019Union europ\u00e9enne \u00e0 l\u2019action environnementale en Tunisie, au profit des responsables des projets mis en \u0153uvre en Tunisie et qui constituent les quatre volets de ce programme :<\/span><\/p>\n<ul>\n<li><span style=\"color: #333333;\">Pagecte, pour l\u2019optimisation de la gouvernance environnementale<\/span><\/li>\n<li><span style=\"color: #333333;\">Greenov\u2019i, pour le d\u00e9veloppement de l\u2019\u00e9conomie verte<\/span><\/li>\n<li><span style=\"color: #333333;\">Aresse, pour l\u2019adaptation de la recherche scientifique aux besoins de la protection de l\u2019environnement<\/span><\/li>\n<li><span style=\"color: #333333;\">Local, pour le d\u00e9veloppement de l\u2019action environnementale au niveau des municipalit\u00e9s<\/span><\/li>\n<\/ul>\n<p><span style=\"color: #333333;\">Parmi ses multiples appuis \u00e0 ces quatre projets, le Programme &#8220;Tunisie Verte &amp; Durable&#8221; les assiste pour comptabiliser leur bilan carbone, c&#8217;est-\u00e0-dire leurs \u00e9missions directes et indirectes, sur la base des donn\u00e9es que les responsables de ces volets pourront fournir au Programme d\u2019appui.<\/span><\/p>\n<h5><span style=\"color: #333333;\">Inclure la comptabilisation carbone dans nos responsabilit\u00e9s<\/span><\/h5>\n<blockquote>\n<p><span style=\"color: #333333;\">\u00ab Dans le but de p\u00e9renniser cette comptabilisation carbone, d\u00e9sormais exig\u00e9e par l\u2019Union europ\u00e9enne, il est pr\u00e9f\u00e9rable que les responsables et les \u00e9quipes des projets maitrisent les m\u00e9thodes de calcul de ces \u00e9missions \u00bb, a d\u00e9clar\u00e9 Dominique Charpentier, responsable de la coordination du Programme d\u2019appui \u00ab Tunisie Verte &amp; Durable \u00bb.<\/span><\/p>\n<\/blockquote>\n<p><span style=\"color: #333333;\">Une formation a donc \u00e9t\u00e9 organis\u00e9e par le Programme d\u2019appui au profit des Volets avec pour formateur l\u2019expert Ahmed Chaouachi. \u00ab Les participants ont \u00e9t\u00e9 form\u00e9s sur un instrument de calcul et se sont entrain\u00e9s sur l\u2019utilisation d\u2019une base de donn\u00e9es d\u00e9taill\u00e9e et sp\u00e9cifique \u00bb, a expliqu\u00e9 Ahmed Chaouachi, expert en comptabilit\u00e9 carbone. \u00ab Quelques astuces ont \u00e9galement \u00e9t\u00e9 fournies afin de comprendre certaines subtilit\u00e9s de la comptabilit\u00e9 carbone \u00bb, a ajout\u00e9 l\u2019expert, pr\u00e9cisant que dans un premier temps, il s\u2019agit de calculer le bilan carbone de chaque volet plut\u00f4t que leur empreinte carbone.<\/span><\/p>\n<p><span style=\"color: #333333;\">Connaitre le bilan carbone d\u2019un projet, c\u2019est identifier principalement les postes les plus \u00e9metteurs de gaz \u00e0 effet de serre, afin de produire un plan d\u2019att\u00e9nuation ainsi que des actions de compensation \u00e0 mettre en \u0153uvre. Les volets auront donc \u00e0 programmer des actions d&#8217;efficacit\u00e9 \u00e9nerg\u00e9tique pour minimiser les \u00e9missions (installations photovolta\u00efques, etc.) ou des actions de reboisement comme la plantation d\u2019arbres. \u00ab L&#8217;objectif, c\u2019est en premier lieu d\u2019\u00e9valuer les \u00e9missions des diff\u00e9rents volets, et en deuxi\u00e8me lieu, de compenser ces \u00e9missions \u00e0 travers des actions de compensation \u00bb, a soutenu l\u2019expert Ahmed Chaouachi.<\/span><\/p>\n<h5><span style=\"color: #333333;\">Des bienfaits de cette formation<\/span><\/h5>\n<p><span style=\"color: #333333;\">Au sujet de la dur\u00e9e de la formation, l\u2019expert a soulign\u00e9 que \u00ab cet apprentissage de deux jours est suffisant pour prendre connaissance du sujet et utile pour comprendre d\u2019abord la diff\u00e9rence entre bilan carbone et empreinte carbone, ensuite pour acqu\u00e9rir les premi\u00e8res comp\u00e9tences n\u00e9cessaires \u00e0 la comptabilit\u00e9 carbone \u00bb. \u00ab Cette formation utilise le m\u00eame support didactique et le m\u00eame contenu que les formations plus longues \u00bb, a pr\u00e9cis\u00e9 l\u2019expert, tout en rassurant quant \u00e0 sa disponibilit\u00e9 pour rester \u00e0 la disposition des volets en cas de besoin pour faire leur bilan carbone chaque ann\u00e9e de mani\u00e8re autonome. \u00ab Les participants ont d\u00e9sormais un bagage suffisant qui leur permet \u00e9galement de faire des recherches ou de chercher des informations ou de la documentation relative \u00e0 ce th\u00e8me \u00bb, a-t-il ajout\u00e9.<\/span><\/p>\n<h5><span style=\"color: #333333;\">Objectif : une empreinte carbone nulle du Programme<\/span><\/h5>\n<p><span style=\"color: #333333;\">Dominique Charpentier a fait cette constatation encourageante : \u00ab De nombreuses questions ont \u00e9t\u00e9 pos\u00e9es par les participants durant cette formation et certaines sortent d\u00e9j\u00e0 du p\u00e9rim\u00e8tre de leur projet, ce qui prouve qu&#8217;ils pensent \u00e0 mettre en pratique leurs nouvelles connaissances dans d&#8217;autres activit\u00e9s et projets \u00bb, et de conclure : \u00ab c\u2019est de bon augure pour atteindre l\u2019objectif d\u2019une empreinte carbone nulle pour tout le Programme ! \u00bb.<\/span><\/p>\n<p>&nbsp;<\/p>\n<aside>\n<div style=\"border: solid 1px black; padding: 2rem;\">\n<h6><span style=\"color: #333333;\">1) Exemples d\u2019\u00e9missions directes et indirectes :<\/span><\/h6>\n<p><span style=\"color: #333333;\">Les \u00e9missions directes sont celles qui se produisent \u00e0 l\u2019int\u00e9rieur du p\u00e9rim\u00e8tre organisationnel de l\u2019organisme :<\/span><\/p>\n<ul>\n<li><span style=\"color: #333333;\">Ex : la combustion du gaz dans une chaudi\u00e8re (CO\u2082 \u00e9mis sur site)<\/span><\/li>\n<li><span style=\"color: #333333;\">Ex : la combustion de fuel par des engins (CO\u2082 \u00e9mis sur site)<\/span><\/li>\n<\/ul>\n<p><span style=\"color: #333333;\">Les \u00e9missions indirectes se produisent \u00e0 l&#8217;ext\u00e9rieur du p\u00e9rim\u00e8tre organisationnel :<\/span><\/p>\n<ul>\n<li><span style=\"color: #333333;\">Ex : consommation d\u2019\u00e9lectricit\u00e9 (CO\u2082 \u00e9mis par les centrales \u00e9lectriques de la STEG)<\/span><\/li>\n<li><span style=\"color: #333333;\">Ex : d\u00e9placements domicile-travail du personnel<\/span><\/li>\n<\/ul>\n<h6><span style=\"color: #333333;\">2) Diff\u00e9rence entre Bilan Carbone et Empreinte Carbone :<\/span><\/h6>\n<p><span style=\"color: #333333;\">Le <strong>bilan carbone<\/strong> est une m\u00e9thodologie de quantification des gaz \u00e0 effet de serre pour une entreprise.<\/span><br \/>\n<span style=\"color: #333333;\">L\u2019<strong>empreinte carbone<\/strong> quantifie les gaz \u00e0 effet de serre pour un produit.<\/span><br \/>\n<span style=\"color: #333333;\">On parle donc du bilan carbone d\u2019une entreprise et de l\u2019empreinte carbone d\u2019un produit.<\/span><\/p>\n<\/div>\n<\/aside>\n<\/section>\n<p>[\/vc_column_text][\/vc_column][\/vc_row]<\/p>\n<\/div>","protected":false},"excerpt":{"rendered":"<p>[vc_row css=&#8221;.vc_custom_1538637735250{padding-top: 0px !important;padding-bottom: 0px !important;}&#8221; el_class=&#8221;single-post&#8221;][vc_column][vc_column_text css=&#8221;.vc_custom_1745339413927{margin-bottom: -40px !important;}&#8221; el_class=&#8221;single-post-content&#8221;] Suivre et contr\u00f4ler le niveau des \u00e9missions de carbone en vue de les r\u00e9duire. C&#8217;est le sens de la formation qu\u2019a organis\u00e9 le Programme \u00ab Tunisie Verte &amp; Durable \u00bb pour l\u2019appui de l\u2019Union europ\u00e9enne \u00e0 l\u2019action environnementale en Tunisie, au profit des responsables<\/p>\n","protected":false},"author":1,"featured_media":6547,"comment_status":"closed","ping_status":"open","sticky":false,"template":"","format":"standard","meta":{"_piecal_is_event":false,"_piecal_start_date":"","_piecal_end_date":"","_piecal_is_allday":false,"footnotes":""},"categories":[51],"tags":[],"class_list":["post-6546","post","type-post","status-publish","format-standard","has-post-thumbnail","hentry","category-news"],"aioseo_notices":[],"_links":{"self":[{"href":"https:\/\/tunisie-verte-durable.org\/index.php\/wp-json\/wp\/v2\/posts\/6546","targetHints":{"allow":["GET"]}}],"collection":[{"href":"https:\/\/tunisie-verte-durable.org\/index.php\/wp-json\/wp\/v2\/posts"}],"about":[{"href":"https:\/\/tunisie-verte-durable.org\/index.php\/wp-json\/wp\/v2\/types\/post"}],"author":[{"embeddable":true,"href":"https:\/\/tunisie-verte-durable.org\/index.php\/wp-json\/wp\/v2\/users\/1"}],"replies":[{"embeddable":true,"href":"https:\/\/tunisie-verte-durable.org\/index.php\/wp-json\/wp\/v2\/comments?post=6546"}],"version-history":[{"count":8,"href":"https:\/\/tunisie-verte-durable.org\/index.php\/wp-json\/wp\/v2\/posts\/6546\/revisions"}],"predecessor-version":[{"id":6556,"href":"https:\/\/tunisie-verte-durable.org\/index.php\/wp-json\/wp\/v2\/posts\/6546\/revisions\/6556"}],"wp:featuredmedia":[{"embeddable":true,"href":"https:\/\/tunisie-verte-durable.org\/index.php\/wp-json\/wp\/v2\/media\/6547"}],"wp:attachment":[{"href":"https:\/\/tunisie-verte-durable.org\/index.php\/wp-json\/wp\/v2\/media?parent=6546"}],"wp:term":[{"taxonomy":"category","embeddable":true,"href":"https:\/\/tunisie-verte-durable.org\/index.php\/wp-json\/wp\/v2\/categories?post=6546"},{"taxonomy":"post_tag","embeddable":true,"href":"https:\/\/tunisie-verte-durable.org\/index.php\/wp-json\/wp\/v2\/tags?post=6546"}],"curies":[{"name":"wp","href":"https:\/\/api.w.org\/{rel}","templated":true}]}}