{"id":6589,"date":"2025-05-27T15:27:39","date_gmt":"2025-05-27T13:27:39","guid":{"rendered":"https:\/\/tunisie-verte-durable.org\/?p=6589"},"modified":"2025-05-27T19:20:08","modified_gmt":"2025-05-27T17:20:08","slug":"pagecte-lallie-strategique-dune-heroine-ancestrale-la-tunisie-fille-de-carthage-gardienne-de-demain","status":"publish","type":"post","link":"https:\/\/tunisie-verte-durable.org\/index.php\/news\/2025\/05\/27\/pagecte-lallie-strategique-dune-heroine-ancestrale-la-tunisie-fille-de-carthage-gardienne-de-demain\/","title":{"rendered":"PAGECTE : l&#8217;alli\u00e9 strat\u00e9gique d&#8217;une h\u00e9ro\u00efne ancestrale \u2014 La Tunisie, fille de Carthage, gardienne de demain"},"content":{"rendered":"<div class=\"wpb-content-wrapper\"><p>[vc_row][vc_column][vc_column_text css=&#8221;&#8221;]<\/p>\r\n<p><span style=\"color: #000000;\"><\/span><\/p>\r\n\r\n<p><\/p>\r\n<p><span style=\"color: #000000;\">Il \u00e9tait une fois\u2026 une terre de feu et de sagesse.<\/span><\/p>\r\n<p><span style=\"color: #000000;\"><\/span><\/p>\r\n<p><span style=\"color: #000000;\">Fi\u00e8re, forte par son histoire, la Tunisie avance avec assurance. H\u00e9riti\u00e8re de Carthage, qui a d\u00e9fi\u00e9 Rome, elle est la survivante des si\u00e8cles, des conqu\u00eates et des d\u00e9fis. Aujourd\u2019hui encore, elle se dresse face \u00e0 une nouvelle, immense et urgente bataille \u00e0 relever \u2014 et non des moindres : celle de la transition \u00e9cologique. Ce combat pour un environnement sain, pour la protection des ressources naturelles et pour la s\u00e9curit\u00e9 du climat est vital.<\/span><\/p>\r\n<p><span style=\"color: #000000;\"><\/span><\/p>\r\n<p><span style=\"color: #000000;\">Mais cette fois, elle n\u2019est pas seule. D\u00e9cideurs.ses politiques, chercheurs.ses, citoyen.ne.s, journalistes et soci\u00e9t\u00e9 civile unissent leurs forces pour surmonter les \u00e9cueils et fa\u00e7onner collectivement un avenir durable, juste et r\u00e9silient.<\/span><\/p>\r\n<p><span style=\"color: #000000;\"><\/span><\/p>\r\n<p><\/p>\r\n<p><span style=\"color: #000000;\"><strong>PAGECTE : un levier strat\u00e9gique \u00e0 travers le programme &#8220;Tunisie Verte et Durable&#8221;<\/strong><\/span><\/p>\r\n<p><span style=\"color: #000000;\"><\/span><\/p>\r\n<p><span style=\"color: #000000;\">Le PAGECTE (Projet d\u2019Appui \u00e0 la Gouvernance Environnementale et Climatique pour une Transition \u00c9cologique) n\u2019est pas une r\u00e9ponse ponctuelle. C\u2019est le point de d\u00e9part d\u2019un processus profond et durable de transformation. Une boussole vers un mod\u00e8le de d\u00e9veloppement juste et soutenable. Le socle sur lequel la Tunisie pose les fondations d\u2019une nouvelle \u00e8re de gouvernance environnementale\u00a0:<\/span><\/p>\r\n<p><span style=\"color: #000000;\"><\/span><\/p>\r\n<p><span style=\"color: #000000;\">\u2022 Il structure, relie, modernise<\/span><br \/><span style=\"color: #000000;\">\u2022 Il \u00e9coute, forme, mobilise<\/span><br \/><span style=\"color: #000000;\">\u2022 Il favorise le dialogue entre institutions, territoires, citoyens et citoyennes<\/span><\/p>\r\n<p><span style=\"color: #000000;\"><\/span><\/p>\r\n<p><span style=\"color: #000000;\">Le PAGECTE est l\u2019un des quatre projets du programme &#8220;Tunisie Verte et Durable&#8221;, qui vise \u00e0 inscrire l\u2019action environnementale dans la dur\u00e9e, \u00e0 travers une approche inclusive, participative et intersectorielle. Ensemble, ces projets \u0153uvrent \u00e0 faire \u00e9merger une vision dans laquelle le d\u00e9veloppement et la pr\u00e9servation de la nature ne s\u2019opposent plus, mais se compl\u00e8tent.<\/span><\/p>\r\n<p><span style=\"color: #000000;\"><\/span><\/p>\r\n<p><span style=\"color: #000000;\">Ce chantier structurant, amorc\u00e9 d\u00e8s aujourd\u2019hui, s\u2019inscrit dans un horizon \u00e0 moyen et long terme. Il accompagne et renforce l\u2019op\u00e9rationnalisation de la Strat\u00e9gie Nationale de Transition \u00c9cologique (SNTE) en activant ses leviers les plus puissants : gouvernance, coop\u00e9ration, inclusion, innovation et justice sociale.<\/span><\/p>\r\n<p><span style=\"color: #000000;\"><\/span><\/p>\r\n<p><\/p>\r\n<p><span style=\"color: #000000;\"><strong>Des premiers jalons pos\u00e9s pour construire l\u2019avenir<\/strong><\/span><\/p>\r\n<p><span style=\"color: #000000;\"><\/span><\/p>\r\n<p><span style=\"color: #000000;\">D\u00e8s \u00e0 pr\u00e9sent, le PAGECTE engage des actions concr\u00e8tes \u00e0 fort impact : r\u00e9formes l\u00e9gislatives sensibles au genre et inclusives, programmes de renforcement des capacit\u00e9s pour les acteurs publics, locaux et associatifs, mobilisation citoyenne \u00e0 l\u2019\u00e9chelle nationale, et financement d\u2019initiatives territoriales centr\u00e9es sur l\u2019\u00e9conomie circulaire, la gestion durable des ressources et le plaidoyer environnemental.<\/span><\/p>\r\n<p><span style=\"color: #000000;\"><\/span><\/p>\r\n<p><span style=\"color: #000000;\">Il s\u2019att\u00e8le \u00e9galement \u00e0 renforcer le dialogue intersectoriel, en tissant des passerelles entre minist\u00e8res, collectivit\u00e9s locales, soci\u00e9t\u00e9 civile, m\u00e9dias et secteur priv\u00e9. Une attention particuli\u00e8re est port\u00e9e aux groupes historiquement marginalis\u00e9s : les femmes, les jeunes, les communaut\u00e9s rurales et les territoires oubli\u00e9s.<\/span><\/p>\r\n<p><span style=\"color: #000000;\"><\/span><\/p>\r\n<p><span style=\"color: #000000;\"><strong>La Tunisie, h\u00e9ro\u00efne debout face aux d\u00e9fis climatiques<\/strong><\/span><\/p>\r\n<p><span style=\"color: #000000;\"><\/span><\/p>\r\n<p><span style=\"color: #000000;\">Si la Tunisie s\u2019est montr\u00e9e r\u00e9siliente \u00e0 travers l\u2019histoire, ce n\u2019est pas par miracle : c\u2019est parce qu\u2019elle sait s\u2019adapter, r\u00e9sister et se relever. Son combat environnemental n\u2019est pas celui d\u2019un pays vuln\u00e9rable, mais celui d\u2019une h\u00e9ro\u00efne lucide et d\u00e9termin\u00e9e \u00e0 d\u00e9fendre ses enfants, ses oliviers, ses mers et ses villages.<\/span><\/p>\r\n<p><span style=\"color: #000000;\"><\/span><\/p>\r\n<p><span style=\"color: #000000;\">Avec les instruments du PAGECTE et du programme Tunisie Verte et Durable, elle renforce aujourd\u2019hui ses capacit\u00e9s \u00e0 contenir la crise climatique, pr\u00e9server ses ressources vitales et devenir une source d\u2019inspiration dans la r\u00e9gion.<\/span><\/p>\r\n<p><span style=\"color: #000000;\"><\/span><\/p>\r\n<p><span style=\"color: #000000;\">Restez \u00e0 l\u2019\u00e9coute&#8230; le voyage de PAGECTE ne fait que commencer.<\/span><br \/><span style=\"color: #000000;\">\u00c0 chaque \u00e9dition, d\u00e9couvrez \u00e0 quel nouveau chantier \u00e9cologique s\u2019attaque ce b\u00e2tisseur d\u2019avenir pour une Tunisie plus verte, plus juste, et r\u00e9solument tourn\u00e9e vers demain.<\/span><\/p>\r\n<p><span style=\"color: #000000;\"><\/span><\/p>\r\n<p>&nbsp;<\/p>\r\n<p>[\/vc_column_text][\/vc_column][\/vc_row]<\/p><\/div>","protected":false},"excerpt":{"rendered":"<p>[vc_row][vc_column][vc_column_text css=&#8221;&#8221;] Il \u00e9tait une fois\u2026 une terre de feu et de sagesse. Fi\u00e8re, forte par son histoire, la Tunisie avance avec assurance. H\u00e9riti\u00e8re de Carthage, qui a d\u00e9fi\u00e9 Rome, elle est la survivante des si\u00e8cles, des conqu\u00eates et des d\u00e9fis. Aujourd\u2019hui encore, elle se dresse face \u00e0 une nouvelle, immense et urgente bataille \u00e0<\/p>\n","protected":false},"author":1,"featured_media":6579,"comment_status":"closed","ping_status":"closed","sticky":false,"template":"","format":"standard","meta":{"_piecal_is_event":false,"_piecal_start_date":"","_piecal_end_date":"","_piecal_is_allday":false,"footnotes":""},"categories":[51,52],"tags":[],"class_list":["post-6589","post","type-post","status-publish","format-standard","has-post-thumbnail","hentry","category-news","category-pagecte"],"aioseo_notices":[],"_links":{"self":[{"href":"https:\/\/tunisie-verte-durable.org\/index.php\/wp-json\/wp\/v2\/posts\/6589","targetHints":{"allow":["GET"]}}],"collection":[{"href":"https:\/\/tunisie-verte-durable.org\/index.php\/wp-json\/wp\/v2\/posts"}],"about":[{"href":"https:\/\/tunisie-verte-durable.org\/index.php\/wp-json\/wp\/v2\/types\/post"}],"author":[{"embeddable":true,"href":"https:\/\/tunisie-verte-durable.org\/index.php\/wp-json\/wp\/v2\/users\/1"}],"replies":[{"embeddable":true,"href":"https:\/\/tunisie-verte-durable.org\/index.php\/wp-json\/wp\/v2\/comments?post=6589"}],"version-history":[{"count":3,"href":"https:\/\/tunisie-verte-durable.org\/index.php\/wp-json\/wp\/v2\/posts\/6589\/revisions"}],"predecessor-version":[{"id":6633,"href":"https:\/\/tunisie-verte-durable.org\/index.php\/wp-json\/wp\/v2\/posts\/6589\/revisions\/6633"}],"wp:featuredmedia":[{"embeddable":true,"href":"https:\/\/tunisie-verte-durable.org\/index.php\/wp-json\/wp\/v2\/media\/6579"}],"wp:attachment":[{"href":"https:\/\/tunisie-verte-durable.org\/index.php\/wp-json\/wp\/v2\/media?parent=6589"}],"wp:term":[{"taxonomy":"category","embeddable":true,"href":"https:\/\/tunisie-verte-durable.org\/index.php\/wp-json\/wp\/v2\/categories?post=6589"},{"taxonomy":"post_tag","embeddable":true,"href":"https:\/\/tunisie-verte-durable.org\/index.php\/wp-json\/wp\/v2\/tags?post=6589"}],"curies":[{"name":"wp","href":"https:\/\/api.w.org\/{rel}","templated":true}]}}