{"id":6597,"date":"2025-05-27T16:21:47","date_gmt":"2025-05-27T14:21:47","guid":{"rendered":"https:\/\/tunisie-verte-durable.org\/?p=6597"},"modified":"2025-05-27T19:19:42","modified_gmt":"2025-05-27T17:19:42","slug":"a-la-croisee-des-projets-identifier-les-synergies-pour-amplifier-limpact-des-projets","status":"publish","type":"post","link":"https:\/\/tunisie-verte-durable.org\/index.php\/news\/2025\/05\/27\/a-la-croisee-des-projets-identifier-les-synergies-pour-amplifier-limpact-des-projets\/","title":{"rendered":"\u00c0 la crois\u00e9e des projets : identifier les synergies pour amplifier l&#8217;impact des projets"},"content":{"rendered":"<div class=\"wpb-content-wrapper\"><p>[vc_row css=&#8221;.vc_custom_1748356641329{margin-top: -140px !important;}&#8221;][vc_column][vc_column_text css=&#8221;&#8221;]<span style=\"color: #000000;\">Le Programme de l\u2019Union europ\u00e9enne, \u00ab\u00a0Tunisie Verte &amp; Durable\u00a0\u00bb, appuie l\u2019action environnementale en Tunisie \u00e0 travers quatre volets, \u00e0 savoir, PAGECTE, pour l\u2019optimisation de la gouvernance environnementale; Greenov\u2019i, pour le d\u00e9veloppement de l\u2019\u00e9conomie verte\u00a0; ARESSE, pour l\u2019adaptation de la recherche scientifique \u00e0 la protection de l\u2019environnement\u00a0; et LoCAL, pour le d\u00e9veloppement de l\u2019action environnementale au niveau des municipalit\u00e9s.<\/span><\/p>\r\n<p><span style=\"color: #000000;\"><!-- \/wp:post-content --><\/span><\/p>\r\n<p><span style=\"color: #000000;\"><!-- wp:paragraph --><\/span><\/p>\r\n<p><span style=\"color: #000000;\">Une coordination, sous l\u2019\u00e9gide du Minist\u00e8re de l\u2019environnement, a explor\u00e9 les synergies qui pourraient exister entre les quatre volets du Programme. \u00ab\u00a0Les objectifs de ce travail sont multiples\u00a0\u00bb a d\u00e9clar\u00e9 Madame Jih\u00e8ne Touil, experte aupr\u00e8s du Programme d\u2019appui. <\/span><\/p>\r\n<blockquote>\r\n<p><span style=\"color: #000000;\">\u00abLe renforcement des synergies entre les quatre volets donne meilleures coh\u00e9rence et harmonie dans la mise en \u0153uvre de leurs plans d\u2019actions. Une fragmentation des actions et\u00a0 des r\u00e9sultats est ainsi \u00e9vit\u00e9e et les objectifs de \u00ab Tunisie Verte &amp; Durable \u00bb\u00a0 ont finalement encore plus de chances d\u2019\u00eatre atteints\u00bb a soutenu l\u2019experte Jih\u00e8ne Touil.<\/span><\/p>\r\n<\/blockquote>\r\n<p><span style=\"color: #000000;\"><!-- \/wp:paragraph --><\/span><\/p>\r\n<p><span style=\"color: #000000;\"><!-- wp:paragraph --><\/span><\/p>\r\n<p><span style=\"color: #000000;\">Ces efforts de synergie permettent finalement de maximiser l&#8217;impact du Programme. \u00ab\u00a0Les quatre volets de \u00ab\u00a0Tunisie Verte &amp; Durable\u00a0\u00bb partagent une vision globale et sont compl\u00e9mentaires et, si leurs \u00e9quipes ont en plus de \u00e7a la capacit\u00e9 et la volont\u00e9 de coop\u00e9rer, l\u2019impact de leurs actions sera d\u2019autant plus important\u00a0\u00bb a pr\u00e9cis\u00e9 Dominique Charpentier, responsable de la coordination du Programme d\u2019appui \u00ab\u00a0Tunisie Verte &amp; Durable\u00a0\u00bb.<\/span><\/p>\r\n<p><span style=\"color: #000000;\"><!-- \/wp:paragraph --><\/span><\/p>\r\n<p><span style=\"color: #000000;\"><!-- wp:paragraph --><\/span><\/p>\r\n<p><span style=\"color: #000000;\">La nature des composantes et activit\u00e9s de chaque volet a \u00e9t\u00e9 analys\u00e9e \u00e0 travers le niveau de gouvernance, les zones g\u00e9ographiques d\u2019intervention et le renforcement d\u2019impact cr\u00e9\u00e9. \u00ab\u00a0Cette analyse s\u2019est d\u00e9roul\u00e9e de mani\u00e8re participative avec les \u00e9quipes des volets \u00e0 travers une r\u00e9union pr\u00e9alable\u00bb a expliqu\u00e9 Madame Hafsia Leghrissi, membre de l\u2019\u00e9quipe d\u2019expertise du Programme d\u2019appui. <\/span><\/p>\r\n<blockquote>\r\n<p><span style=\"color: #000000;\">\u00ab En croisant les activit\u00e9s des diff\u00e9rents volets, on aboutit \u00e0 identifier leurs int\u00e9r\u00eats communs \u00bb a expliqu\u00e9 Mme Hafsia Leghrissi. <\/span><\/p>\r\n<\/blockquote>\r\n<p><span style=\"color: #000000;\">Les expertes ont\u00a0 ensuite pr\u00e9sent\u00e9 l\u2019avancement de leurs travaux aux \u00e9quipes des quatre volets. Cette r\u00e9union pl\u00e9ni\u00e8re a permis, par le dialogue, l\u2019identification des synergies \u00e0 d\u00e9velopper.<\/span><\/p>\r\n<p><span style=\"color: #000000;\"><!-- \/wp:paragraph --><\/span><\/p>\r\n<p><span style=\"color: #000000;\"><!-- wp:paragraph --><\/span><\/p>\r\n<p><span style=\"color: #000000;\"><strong>Des avantages concrets pour chaque volet<\/strong><\/span><\/p>\r\n<p><span style=\"color: #000000;\"><!-- \/wp:paragraph --><\/span><\/p>\r\n<p><span style=\"color: #000000;\"><!-- wp:paragraph --><\/span><\/p>\r\n<p><span style=\"color: #000000;\">A la suite de cette r\u00e9union, l\u2019\u00e9quipe de \u2018Greenov\u2019i\u2019a d\u00e9clar\u00e9 que cette recherche de synergie permettait de maximiser l\u2019efficacit\u00e9 des actions et de coordonner leurs appels \u00e0 projets (\u00e0 destination des entreprises). L\u2019\u00e9quipe \u2018ARESSE\u2019 a soutenu que cette approche permettait de capitaliser les efforts et d\u2019\u00e9viter les redondances d\u2019activit\u00e9s. Pour le Volet \u2018LoCAL\u2019, ce travail permettra de cr\u00e9er des \u00e9conomies d\u2019\u00e9chelle et de partager les exp\u00e9riences, les connaissances et les bonnes pratiques. L\u2019\u00e9quipe \u2018PAGECTE\u2019 a, quant \u00e0 elle, insist\u00e9 sur le fait que la recherche de synergie contribue au d\u00e9veloppement des comp\u00e9tences des \u00e9quipes et des b\u00e9n\u00e9ficiaires. Toutes les \u00e9quipes ont \u00e9galement affirm\u00e9 que cet appui va leur permettre d\u2019\u00e9changer des informations utiles, de gagner du temps, et d\u2019optimiser leurs ressources. \u00ab L\u2019\u00e9tape suivante, apr\u00e8s l\u2019\u00e9tablissement d\u2019un consensus pour une synergie donn\u00e9e entre des volets, sera de tracer une feuille de route indiquant les \u00e9tapes cl\u00e9s des actions \u00e0 entreprendre, tout en s\u2019assurant que les ressources humaines, financi\u00e8res\u00a0 et techniques existantes soient suffisantes \u00bb a conclu Hafsia Leghrissi.<\/span><\/p>\r\n<p><span style=\"color: #000000;\"><!-- \/wp:paragraph --><\/span><\/p>\r\n<p><span style=\"color: #000000;\"><!-- wp:separator --><\/span><\/p>\r\n<p>&nbsp;<\/p>\r\n<aside style=\"border: solid 1px black; padding: 8px;\"><strong><span style=\"color: #000000;\">Exemples de synergies entre les volets :<\/span><\/strong>\r\n<p><span style=\"color: #000000;\"><!-- \/wp:separator --><\/span><\/p>\r\n<p><span style=\"color: #000000;\"><!-- wp:paragraph --><\/span><\/p>\r\n<p><span style=\"color: #000000;\">1. L\u2019approche \u00ab Green dans les universit\u00e9s \u00bb du volet \u00ab Recherche \u00bb\u00a0 sert de base \u00e0 la \u00ab transformation des campus en \u00e9co-campus \u00bb du volet \u00ab Gouvernance \u00bb ;<\/span><\/p>\r\n<p><span style=\"color: #000000;\"><!-- \/wp:paragraph --><\/span><\/p>\r\n<p><span style=\"color: #000000;\"><!-- wp:paragraph --><\/span><\/p>\r\n<p><span style=\"color: #000000;\">2.\u00a0Les inspecteurs p\u00e9dagogiques \u00ab environnementaux \u00bb form\u00e9s par le volet \u00ab Gouvernance \u00bb et les kits p\u00e9dagogiques pour les enseignants du secondaire, d\u00e9velopp\u00e9s par ce m\u00eame volet, aident \u00e0 diss\u00e9miner la culture environnementale par le volet \u00ab Recherche \u00bb ;<\/span><\/p>\r\n<p><span style=\"color: #000000;\"><!-- \/wp:paragraph --><\/span><\/p>\r\n<p><span style=\"color: #000000;\"><!-- wp:paragraph --><\/span><\/p>\r\n<p><span style=\"color: #000000;\">3.\u00a0Des doctorants \u00ab MOBIDOC green \u00bb du volet \u00ab Recherche \u00bb int\u00e8grent des entreprises vertes, b\u00e9n\u00e9ficiaires du volet \u00ab Entreprises \u00bb.<\/span><\/p>\r\n<p><span style=\"color: #000000;\"><!-- \/wp:paragraph --><\/span><\/p>\r\n<\/aside>\r\n<p>[\/vc_column_text][\/vc_column][\/vc_row]<\/p><\/div>","protected":false},"excerpt":{"rendered":"<p>[vc_row css=&#8221;.vc_custom_1748356641329{margin-top: -140px !important;}&#8221;][vc_column][vc_column_text css=&#8221;&#8221;]Le Programme de l\u2019Union europ\u00e9enne, \u00ab\u00a0Tunisie Verte &amp; Durable\u00a0\u00bb, appuie l\u2019action environnementale en Tunisie \u00e0 travers quatre volets, \u00e0 savoir, PAGECTE, pour l\u2019optimisation de la gouvernance environnementale; Greenov\u2019i, pour le d\u00e9veloppement de l\u2019\u00e9conomie verte\u00a0; ARESSE, pour l\u2019adaptation de la recherche scientifique \u00e0 la protection de l\u2019environnement\u00a0; et LoCAL, pour le d\u00e9veloppement<\/p>\n","protected":false},"author":1,"featured_media":6588,"comment_status":"closed","ping_status":"closed","sticky":false,"template":"","format":"standard","meta":{"_piecal_is_event":false,"_piecal_start_date":"","_piecal_end_date":"","_piecal_is_allday":false,"footnotes":""},"categories":[51],"tags":[],"class_list":["post-6597","post","type-post","status-publish","format-standard","has-post-thumbnail","hentry","category-news"],"aioseo_notices":[],"_links":{"self":[{"href":"https:\/\/tunisie-verte-durable.org\/index.php\/wp-json\/wp\/v2\/posts\/6597","targetHints":{"allow":["GET"]}}],"collection":[{"href":"https:\/\/tunisie-verte-durable.org\/index.php\/wp-json\/wp\/v2\/posts"}],"about":[{"href":"https:\/\/tunisie-verte-durable.org\/index.php\/wp-json\/wp\/v2\/types\/post"}],"author":[{"embeddable":true,"href":"https:\/\/tunisie-verte-durable.org\/index.php\/wp-json\/wp\/v2\/users\/1"}],"replies":[{"embeddable":true,"href":"https:\/\/tunisie-verte-durable.org\/index.php\/wp-json\/wp\/v2\/comments?post=6597"}],"version-history":[{"count":6,"href":"https:\/\/tunisie-verte-durable.org\/index.php\/wp-json\/wp\/v2\/posts\/6597\/revisions"}],"predecessor-version":[{"id":6632,"href":"https:\/\/tunisie-verte-durable.org\/index.php\/wp-json\/wp\/v2\/posts\/6597\/revisions\/6632"}],"wp:featuredmedia":[{"embeddable":true,"href":"https:\/\/tunisie-verte-durable.org\/index.php\/wp-json\/wp\/v2\/media\/6588"}],"wp:attachment":[{"href":"https:\/\/tunisie-verte-durable.org\/index.php\/wp-json\/wp\/v2\/media?parent=6597"}],"wp:term":[{"taxonomy":"category","embeddable":true,"href":"https:\/\/tunisie-verte-durable.org\/index.php\/wp-json\/wp\/v2\/categories?post=6597"},{"taxonomy":"post_tag","embeddable":true,"href":"https:\/\/tunisie-verte-durable.org\/index.php\/wp-json\/wp\/v2\/tags?post=6597"}],"curies":[{"name":"wp","href":"https:\/\/api.w.org\/{rel}","templated":true}]}}