{"id":6603,"date":"2025-05-27T16:42:48","date_gmt":"2025-05-27T14:42:48","guid":{"rendered":"https:\/\/tunisie-verte-durable.org\/?p=6603"},"modified":"2025-06-18T18:20:22","modified_gmt":"2025-06-18T16:20:22","slug":"le-podcast-video-de-tunisie-verte-durable-bientot-sur-vos-ecrans","status":"publish","type":"post","link":"https:\/\/tunisie-verte-durable.org\/index.php\/news\/2025\/05\/27\/le-podcast-video-de-tunisie-verte-durable-bientot-sur-vos-ecrans\/","title":{"rendered":"Le Podcast Vid\u00e9o de &#8220;Tunisie Verte &amp; Durable&#8221; sur vos \u00e9crans"},"content":{"rendered":"<div class=\"wpb-content-wrapper\"><p>[vc_row css=&#8221;.vc_custom_1748357376395{margin-top: -140px !important;margin-bottom: -80px !important;}&#8221;][vc_column][vc_column_text css=&#8221;&#8221;]<\/p>\n<p><span style=\"color: #000000;\">Un nouveau canal de communication a \u00e9t\u00e9 produit par le programme \u00ab Tunisie Verte &amp; Durable \u00bb pour l\u2019appui de l\u2019Union europ\u00e9enne \u00e0 l\u2019action environnementale en Tunisie. Il s\u2019agit d\u2019un Podcast Vid\u00e9o pour faciliter l\u2019information, la sensibilisation, la p\u00e9dagogie, l\u2019analyse et le d\u00e9bat, autour des th\u00e8mes et des sujets trait\u00e9s par les quatre volets de \u00ab Tunisie Verte &amp; Durable \u00bb, \u00e0 savoir Pagecte (gouvernance de l\u2019environnement), Greenov\u2019i (entrepreneuriat vert), LoCAL (protection de l\u2019environnement par les municipalit\u00e9s) et Aresse (recherche scientifique verte).<\/span><\/p>\n<p><span style=\"color: #000000;\"><\/span><\/p>\n<p><span style=\"color: #000000;\">Un accord de partenariat a \u00e9t\u00e9 sign\u00e9 entre \u00ab Tunisie Verte &amp; Durable \u00bb et la plateforme de podcasts vid\u00e9o \u00abEcologia \u00bb, une r\u00e9f\u00e9rence dans le traitement des sujets environnementaux, pour produire, r\u00e9aliser et diffuser des \u2018\u00e9pisodes\u2019 trimestriels. Chaque \u00e9pisode sera d\u00e9di\u00e9 \u00e0 un des quatre volets, mettant en lumi\u00e8re les enjeux et les solutions propos\u00e9es.<\/span><\/p>\n<p><span style=\"color: #000000;\"><\/span><\/p>\n<p><span style=\"color: #000000;\">Cette collaboration vise \u00e0 amplifier la port\u00e9e des actions men\u00e9es par les volets du programme \u00ab Tunisie Verte &amp; Durable \u00bb et \u00e0 sensibiliser un public toujours plus large aux d\u00e9fis environnementaux et climatiques. Ce format vid\u00e9o permet de toucher un public vari\u00e9, des experts aux citoyens curieux. Des sujets complexes seront rendus accessibles gr\u00e2ce \u00e0 des explications claires et une approche bas\u00e9e sur la sensibilisation et la p\u00e9dagogie.<\/span><\/p>\n<p><span style=\"color: #000000;\"><\/span><\/p>\n<p><span style=\"color: #000000;\">Tous les passionn\u00e9s d\u2019environnement, les curieux et les acteurs du changement sont donc invit\u00e9s \u00e0 suivre ce podcast vid\u00e9o, une occasion de d\u00e9couvrir ou de comprendre encore plus certains des enjeux cruciaux li\u00e9s aux th\u00e8mes de l\u2019environnement et du d\u00e9veloppement durable.\u00a0<\/span><\/p>\n<p><span style=\"color: #000000;\"><\/span><\/p>\n<p><span style=\"color: #000000;\">Ne manquez pas le premier \u00e9pisode : \u00ab <em>L\u2019entrepreneuriat vert en Tunisie<\/em> \u00bb , mis en ligne le 18 juin 2025 :\u00a0<\/span><\/p>\n<p><span style=\"color: #000000;\"><\/span><\/p>\n<p><span style=\"color: #000000;\"><strong>Youtube\u00a0: <a href=\"https:\/\/www.youtube.com\/watch?v=Sv3gYlMaS8Y&amp;t=12s\"><span style=\"color: #000080;\">https:\/\/www.youtube.com\/watch?v=Sv3gYlMaS8Y&amp;t=12s<\/span><\/a><\/strong><\/span><\/p>\n<p><span style=\"color: #000000;\"><\/span><\/p>\n<p><span style=\"color: #000000;\">Bonne vision\u00a0!<\/span><\/p>\n<p><img loading=\"lazy\" decoding=\"async\" class=\"aligncenter wp-image-6663\" src=\"http:\/\/tunisie-verte-durable.org\/wp-content\/uploads\/2025\/05\/promo-3-768x456.jpg\" alt=\"\" width=\"570\" height=\"321\" srcset=\"https:\/\/tunisie-verte-durable.org\/wp-content\/uploads\/2025\/05\/promo-3-768x432.jpg 768w, https:\/\/tunisie-verte-durable.org\/wp-content\/uploads\/2025\/05\/promo-3.jpg 1268w\" sizes=\"auto, (max-width: 570px) 100vw, 570px\" \/><\/p>\n<p><img loading=\"lazy\" decoding=\"async\" class=\"aligncenter wp-image-6664\" src=\"http:\/\/tunisie-verte-durable.org\/wp-content\/uploads\/2025\/05\/promo-4-768x456.jpg\" alt=\"\" width=\"570\" height=\"429\" srcset=\"https:\/\/tunisie-verte-durable.org\/wp-content\/uploads\/2025\/05\/promo-4-768x578.jpg 768w, https:\/\/tunisie-verte-durable.org\/wp-content\/uploads\/2025\/05\/promo-4.jpg 948w\" sizes=\"auto, (max-width: 570px) 100vw, 570px\" \/><\/p>\n<p><span style=\"color: #000000;\"><\/span><\/p>\n<p>[\/vc_column_text][\/vc_column][\/vc_row]<\/p>\n<\/div>","protected":false},"excerpt":{"rendered":"<p>[vc_row css=&#8221;.vc_custom_1748357376395{margin-top: -140px !important;margin-bottom: -80px !important;}&#8221;][vc_column][vc_column_text css=&#8221;&#8221;] Un nouveau canal de communication a \u00e9t\u00e9 produit par le programme \u00ab Tunisie Verte &amp; Durable \u00bb pour l\u2019appui de l\u2019Union europ\u00e9enne \u00e0 l\u2019action environnementale en Tunisie. Il s\u2019agit d\u2019un Podcast Vid\u00e9o pour faciliter l\u2019information, la sensibilisation, la p\u00e9dagogie, l\u2019analyse et le d\u00e9bat, autour des th\u00e8mes et des<\/p>\n","protected":false},"author":1,"featured_media":6586,"comment_status":"closed","ping_status":"open","sticky":false,"template":"","format":"standard","meta":{"_piecal_is_event":false,"_piecal_start_date":"","_piecal_end_date":"","_piecal_is_allday":false,"footnotes":""},"categories":[51],"tags":[],"class_list":["post-6603","post","type-post","status-publish","format-standard","has-post-thumbnail","hentry","category-news"],"aioseo_notices":[],"_links":{"self":[{"href":"https:\/\/tunisie-verte-durable.org\/index.php\/wp-json\/wp\/v2\/posts\/6603","targetHints":{"allow":["GET"]}}],"collection":[{"href":"https:\/\/tunisie-verte-durable.org\/index.php\/wp-json\/wp\/v2\/posts"}],"about":[{"href":"https:\/\/tunisie-verte-durable.org\/index.php\/wp-json\/wp\/v2\/types\/post"}],"author":[{"embeddable":true,"href":"https:\/\/tunisie-verte-durable.org\/index.php\/wp-json\/wp\/v2\/users\/1"}],"replies":[{"embeddable":true,"href":"https:\/\/tunisie-verte-durable.org\/index.php\/wp-json\/wp\/v2\/comments?post=6603"}],"version-history":[{"count":16,"href":"https:\/\/tunisie-verte-durable.org\/index.php\/wp-json\/wp\/v2\/posts\/6603\/revisions"}],"predecessor-version":[{"id":6668,"href":"https:\/\/tunisie-verte-durable.org\/index.php\/wp-json\/wp\/v2\/posts\/6603\/revisions\/6668"}],"wp:featuredmedia":[{"embeddable":true,"href":"https:\/\/tunisie-verte-durable.org\/index.php\/wp-json\/wp\/v2\/media\/6586"}],"wp:attachment":[{"href":"https:\/\/tunisie-verte-durable.org\/index.php\/wp-json\/wp\/v2\/media?parent=6603"}],"wp:term":[{"taxonomy":"category","embeddable":true,"href":"https:\/\/tunisie-verte-durable.org\/index.php\/wp-json\/wp\/v2\/categories?post=6603"},{"taxonomy":"post_tag","embeddable":true,"href":"https:\/\/tunisie-verte-durable.org\/index.php\/wp-json\/wp\/v2\/tags?post=6603"}],"curies":[{"name":"wp","href":"https:\/\/api.w.org\/{rel}","templated":true}]}}