{"id":6624,"date":"2025-05-27T17:06:21","date_gmt":"2025-05-27T15:06:21","guid":{"rendered":"https:\/\/tunisie-verte-durable.org\/?p=6624"},"modified":"2025-05-27T17:17:10","modified_gmt":"2025-05-27T15:17:10","slug":"ecole-durable-apprendre-autrement-vivre-durablement","status":"publish","type":"post","link":"https:\/\/tunisie-verte-durable.org\/index.php\/news\/2025\/05\/27\/ecole-durable-apprendre-autrement-vivre-durablement\/","title":{"rendered":"\u00ab\u00a0Ecole Durable\u00a0\u00bb\u00a0: Apprendre autrement, vivre durablement"},"content":{"rendered":"<div class=\"wpb-content-wrapper\"><p>[vc_row][vc_column][vc_column_text css=&#8221;.vc_custom_1748358927324{margin-top: -140px !important;margin-bottom: -80px !important;}&#8221;]<\/p>\r\n<p><span style=\"color: #000000;\">Le concept de l\u2019\u00e9cole durable s\u2019inscrit dans une d\u00e9marche globale de d\u00e9veloppement durable, visant \u00e0 faire de l\u2019\u00e9ducation un moteur de la transition \u00e9cologique sociale et \u00e9conomique.<\/span><\/p>\r\n<p><span style=\"color: #000000;\"><\/span><\/p>\r\n<p><span style=\"color: #000000;\">La Tunisie, comme la plupart des pays en voie de d\u00e9veloppement, fait face \u00e0 des probl\u00e9matiques environnementales majeures \u00e0 l\u2019instar de la d\u00e9sertification, pollution urbaine et d\u00e9gradation des \u00e9cosyst\u00e8mes. Dans ce contexte l\u2019\u00e9cole apparait comme un levier essentiel pour former une g\u00e9n\u00e9ration consciente des enjeux \u00e9cologiques, responsable et engag\u00e9e.<\/span><\/p>\r\n<p><span style=\"color: #000000;\"><\/span><\/p>\r\n<p><span style=\"color: #000000;\">Le concept de l\u2019\u00e9cole durable en Tunisie est en pleine \u00e9mergence et repr\u00e9sente une r\u00e9ponse prometteuse aux d\u00e9fis environnementaux, sociaux et \u00e9conomiques que traverse le pays. Bien que le mouvement soit encore en d\u00e9veloppement, plusieurs initiatives t\u00e9moignent d\u2019une volont\u00e9 croissante d\u2019ancrer le d\u00e9veloppement durable dans le syst\u00e8me \u00e9ducatif tunisien. Les freins majeurs pour la mise en place de ce concept sont la limitation budg\u00e9taire pour la r\u00e9novation \u00e9cologique des \u00e9coles et la disparit\u00e9 r\u00e9gionale marqu\u00e9e entre les \u00e9coles urbaines et rurales.<\/span><\/p>\r\n<p><span style=\"color: #000000;\"><\/span><\/p>\r\n<p><span style=\"color: #000000;\">C\u2019est dans cette perspective, et en r\u00e9ponse \u00e0 ces contraintes, que s\u2019inscrit l\u2019initiative du projet ARESSE\u00a0:<\/span><br \/><span style=\"color: #000000;\">\u00ab \u0627\u0644\u0645\u062f\u0631\u0633\u0629 \u0627\u0644\u0635\u062f\u064a\u0642\u0629 \u0644\u0644\u0628\u064a\u0626\u0629 \u00bb <em>(NDLR\u00a0: traduction\u00a0: L\u2019\u00e9cole amie de l\u2019environnement)<\/em><\/span><\/p>\r\n<p><span style=\"color: #000000;\"><\/span><\/p>\r\n<p><span style=\"color: #000000;\">Il est \u00e0 rappeler que le Projet d\u2019Appui \u00e0 la Recherche et l\u2019Enseignement Sup\u00e9rieur dans le Secteur de l\u2019Environnement \u00ab ARESSE \u00bb, est un projet mis en \u0153uvre par l\u2019Agence Nationale de la Promotion de la Recherche scientifique et financ\u00e9 par l\u2019Union europ\u00e9enne \u00e0 travers le volet recherche verte de son Programme \u00ab Tunisie Verte &amp; Durable \u00bb pour l\u2019appui \u00e0 l\u2019action environnementale en Tunisie. Une promotion de la culture environnementale qui a fait des \u00e9coles et des jeunes g\u00e9n\u00e9rations un pilier de la transition vers un demain meilleur, un demain plus respectueux envers la Terre.<\/span><\/p>\r\n<p><span style=\"color: #000000;\"><\/span><\/p>\r\n<p><span style=\"color: #000000;\">Etant conscients de l\u2019importance et des opportunit\u00e9s que puissent offrir cette action, l\u2019Agence Nationale de la Promotion de la Recherche scientifique conjointement avec le minist\u00e8re de l\u2019\u00e9ducation ont lanc\u00e9 l\u2019initiative \u00ab\u00a0\u00e9cole durable\u00a0\u00bb ou \u00ab \u0627\u0644\u0645\u062f\u0631\u0633\u0629 \u0627\u0644\u0635\u062f\u064a\u0642\u0629 \u0644\u0644\u0628\u064a\u0626\u0629 \u00bb pour soutenir des projets verts au sein des \u00e9coles primaires, visant \u00e0 sensibiliser et engager les jeunes autour des th\u00e9matiques de la protection de l\u2019environnement, du changement climatique et du d\u00e9veloppement durable.<\/span><\/p>\r\n<p><span style=\"color: #000000;\"><\/span><\/p>\r\n<p><span style=\"color: #000000;\">Cette initiative vise, tout d\u2019abord, \u00e0 soutenir la diss\u00e9mination de la culture environnementale et le concept de l\u2019\u00e9cole durable et de sensibiliser les jeunes sur les enjeux environnementaux, et enfin \u00e0 renforcer la pratique p\u00e9dagogique li\u00e9e \u00e0 l\u2019environnement.<\/span><\/p>\r\n<p><span style=\"color: #000000;\"><\/span><\/p>\r\n<p><span style=\"color: #000000;\">En d\u2019autres termes, les projets soumis par les \u00e9coles primaires, dans le cadre de cette initiative devront \u00eatre ax\u00e9s, \u00e0 titre indicatif, sur des actions concr\u00e8tes \u00e0 l\u2019instar de :<\/span><\/p>\r\n<ul style=\"list-style: inside;\">\r\n<li><span style=\"color: #000000;\">Cr\u00e9ation d\u2019un club d\u2019\u00e9ducation environnementale : \u00e9quipement audio-visuel et\/ou informatique, etc<\/span><\/li>\r\n<li><span style=\"color: #000000;\">R\u00e9alisation d\u2019un parc d\u2019apprentissage environnemental\u00a0: kit d\u00e9monstratif sur les \u00e9nergies renouvelables, parc de plantes, kit de tri-s\u00e9lectif et de valorisation des d\u00e9chets, etc.<\/span><\/li>\r\n<li><span style=\"color: #000000;\">Organisation de prospections dans les \u00e9cosyst\u00e8mes avoisinants et sensibilisation \u00e0 la pr\u00e9servation des bioressources\u00a0: herbiers de plantes, noyaux de banques de semences locales\u2026<\/span><\/li>\r\n<li><span style=\"color: #000000;\">Organisation des ateliers, des \u00e9v\u00e8nements et concours\u00a0: organisation d\u2019ateliers de sensibilisation impliquant les partenaires et acteurs de la soci\u00e9t\u00e9, organisation des concours pour les jeunes, etc.<\/span><\/li>\r\n<li><span style=\"color: #000000;\">Renforcement du projet environnemental de l\u2019\u00e9tablissement\u00a0: tout \u00e9tablissement disposant d\u2019un projet environnemental pourra b\u00e9n\u00e9ficier du pr\u00e9sent appel pour financer des actions de son projet comme l\u2019achat d\u2019\u00e9quipements, la production de kits \u00e9ducatifs etc.<\/span><\/li>\r\n<\/ul>\r\n<p><span style=\"color: #993366;\"><\/span><\/p>\r\n<p><span style=\"color: #993366;\"><!-- \/wp:post-content --><\/span><\/p>\r\n<p><span style=\"color: #000000;\"><!-- wp:paragraph -->Il est \u00e0 noter que l\u2019implication d\u2019un partenaire ou structure de soutien (association, structure organisme public et\/ou priv\u00e9\u2026) est recommand\u00e9e pour un meilleur engagement des parties prenantes et une meilleure ouverture de l\u2019\u00e9tablissement sur son environnement socio-\u00e9conomique.<\/span><\/p>\r\n<p><span style=\"color: #000000;\"><!-- \/wp:paragraph --><\/span><\/p>\r\n<p><span style=\"color: #000000;\"><!-- wp:paragraph -->Le projet ARESSE soutiendra chaque projet retenu par une subvention pouvant atteindre 30\u00a0000 DT pour une mise en \u0153uvre maximale de 18 mois.<\/span><\/p>\r\n<p><span style=\"color: #000000;\"><!-- \/wp:paragraph --><\/span><\/p>\r\n<p><span style=\"color: #000000;\"><!-- wp:paragraph -->La contribution du projet ARESSE \u00e0 instaurer le concept de l\u2019\u00e9cole durable ne se limite pas \u00e0 l\u2019appui financier seulement, il se propose aussi comme catalyseur de changement culturel \u00e9ducative en liant \u00e9ducation, \u00e9cologie et citoyennet\u00e9 en accompagnant les jeunes g\u00e9n\u00e9rations par tous les moyens possibles, \u00e0 relever les d\u00e9fis de demain avec lucidit\u00e9 et responsabilit\u00e9.<\/span><\/p>\r\n<p><span style=\"color: #000000;\"><!-- \/wp:paragraph --><\/span><\/p>\r\n<p><span style=\"color: #000000;\"><!-- wp:paragraph --><em><strong>Parce que b\u00e2tir un avenir durable commence d\u00e8s les bancs de l\u2019\u00e9cole.<\/strong><\/em><\/span><\/p>\r\n<p><span style=\"color: #000000;\"><!-- \/wp:paragraph --><\/span><\/p>\r\n<p>&nbsp;<\/p>\r\n<p>[\/vc_column_text][\/vc_column][\/vc_row]<\/p><\/div>","protected":false},"excerpt":{"rendered":"<p>[vc_row][vc_column][vc_column_text css=&#8221;.vc_custom_1748358927324{margin-top: -140px !important;margin-bottom: -80px !important;}&#8221;] Le concept de l\u2019\u00e9cole durable s\u2019inscrit dans une d\u00e9marche globale de d\u00e9veloppement durable, visant \u00e0 faire de l\u2019\u00e9ducation un moteur de la transition \u00e9cologique sociale et \u00e9conomique. La Tunisie, comme la plupart des pays en voie de d\u00e9veloppement, fait face \u00e0 des probl\u00e9matiques environnementales majeures \u00e0 l\u2019instar de la<\/p>\n","protected":false},"author":1,"featured_media":6582,"comment_status":"closed","ping_status":"closed","sticky":false,"template":"","format":"standard","meta":{"_piecal_is_event":false,"_piecal_start_date":"","_piecal_end_date":"","_piecal_is_allday":false,"footnotes":""},"categories":[51,54],"tags":[],"class_list":["post-6624","post","type-post","status-publish","format-standard","has-post-thumbnail","hentry","category-news","category-aresse"],"aioseo_notices":[],"_links":{"self":[{"href":"https:\/\/tunisie-verte-durable.org\/index.php\/wp-json\/wp\/v2\/posts\/6624","targetHints":{"allow":["GET"]}}],"collection":[{"href":"https:\/\/tunisie-verte-durable.org\/index.php\/wp-json\/wp\/v2\/posts"}],"about":[{"href":"https:\/\/tunisie-verte-durable.org\/index.php\/wp-json\/wp\/v2\/types\/post"}],"author":[{"embeddable":true,"href":"https:\/\/tunisie-verte-durable.org\/index.php\/wp-json\/wp\/v2\/users\/1"}],"replies":[{"embeddable":true,"href":"https:\/\/tunisie-verte-durable.org\/index.php\/wp-json\/wp\/v2\/comments?post=6624"}],"version-history":[{"count":3,"href":"https:\/\/tunisie-verte-durable.org\/index.php\/wp-json\/wp\/v2\/posts\/6624\/revisions"}],"predecessor-version":[{"id":6627,"href":"https:\/\/tunisie-verte-durable.org\/index.php\/wp-json\/wp\/v2\/posts\/6624\/revisions\/6627"}],"wp:featuredmedia":[{"embeddable":true,"href":"https:\/\/tunisie-verte-durable.org\/index.php\/wp-json\/wp\/v2\/media\/6582"}],"wp:attachment":[{"href":"https:\/\/tunisie-verte-durable.org\/index.php\/wp-json\/wp\/v2\/media?parent=6624"}],"wp:term":[{"taxonomy":"category","embeddable":true,"href":"https:\/\/tunisie-verte-durable.org\/index.php\/wp-json\/wp\/v2\/categories?post=6624"},{"taxonomy":"post_tag","embeddable":true,"href":"https:\/\/tunisie-verte-durable.org\/index.php\/wp-json\/wp\/v2\/tags?post=6624"}],"curies":[{"name":"wp","href":"https:\/\/api.w.org\/{rel}","templated":true}]}}