{"id":6646,"date":"2025-06-18T17:30:27","date_gmt":"2025-06-18T15:30:27","guid":{"rendered":"https:\/\/tunisie-verte-durable.org\/?p=6646"},"modified":"2025-11-14T13:41:06","modified_gmt":"2025-11-14T12:41:06","slug":"aresse-une-initiative-pour-relever-les-defis-environnementaux","status":"publish","type":"post","link":"https:\/\/tunisie-verte-durable.org\/index.php\/news\/2025\/06\/18\/aresse-une-initiative-pour-relever-les-defis-environnementaux\/","title":{"rendered":"ARESSE, une initiative pour relever les d\u00e9fis environnementaux"},"content":{"rendered":"<div class=\"wpb-content-wrapper\"><p>[vc_row][vc_column][vc_column_text css=&#8221;&#8221;]<\/p>\r\n<div class=\"wp-block-group\"><div class=\"wp-block-group__inner-container is-layout-constrained wp-block-group-is-layout-constrained\">\r\n<p><span style=\"color: #000000;\">Sous le patronage de son Excellence Monsieur le Ministre de l&#8217;Enseignement Sup\u00e9rieur et de la Recherche Scientifique, l&#8217;Agence Nationale de la Promotion de la Recherche scientifique (ANPR) et ses partenaires sont fiers d&#8217;annoncer l&#8217;\u00e9v\u00e9nement VERT\u2019DEMAIN, qui s&#8217;inscrit dans le cadre du projet &#8220;Appui \u00e0 la Recherche et l&#8217;Enseignement Sup\u00e9rieur dans le Secteur de l&#8217;Environnement&#8221; (ARESSE).<\/span><\/p>\r\n<p><span style=\"color: #000000;\"><\/span><\/p>\r\n<p><span style=\"color: #000000;\">Cette initiative d&#8217;envergure nationale, financ\u00e9e par l&#8217;Union europ\u00e9enne et cofinanc\u00e9e par l&#8217;ANPR, vise \u00e0 positionner la Tunisie en tant que pionni\u00e8re dans la promotion de la recherche et l&#8217;innovation vertes en M\u00e9diterran\u00e9e.<\/span><\/p>\r\n<p><span style=\"color: #000000;\"><\/span><\/p>\r\n<p><span style=\"color: #000000;\">Le projet ARESSE, d&#8217;une dur\u00e9e dequatre ans, dispose d&#8217;un budget global de 11,5 millions d&#8217;Euros dont 11 millions d&#8217;euros de subvention europ\u00e9enne et un cofinancement de l&#8217;ANPR de 578 889,18 Euros. Son objectif principal est de promouvoir la recherche, l&#8217;innovation verte et le transfert de technologie dans le domaine de l&#8217;environnement, en r\u00e9ponse aux d\u00e9fis environnementaux croissants auxquels la Tunisie est confront\u00e9e. ARESSE s&#8217;inscrit dans le cadre du Programme d&#8217;Appui \u00e0 l&#8217;Action Environnementale de l&#8217;UE, dot\u00e9 de 50 millions d&#8217;Euros, visant \u00e0 am\u00e9liorer la durabilit\u00e9 de l&#8217;\u00e9conomie tunisienne.<\/span><\/p>\r\n<p><span style=\"color: #000000;\"><\/span><\/p>\r\n<p><span style=\"color: #000000;\">D\u00e9ploy\u00e9 \u00e0 l&#8217;\u00e9chelle nationale, ARESSE cible un large \u00e9ventail d&#8217;acteurs, incluant la recherche, l&#8217;enseignement sup\u00e9rieur, les entreprises, la soci\u00e9t\u00e9 civile et les municipalit\u00e9s. Le projet s&#8217;articule autour de plusieurs composantes cl\u00e9s pour construire un \u00e9cosyst\u00e8me propice \u00e0 l&#8217;innovation et \u00e0 la formation de comp\u00e9tences adapt\u00e9es aux m\u00e9tiers verts :<\/span><\/p>\r\n<p><span style=\"color: #000000;\"><\/span><\/p>\r\n<p><\/p>\r\n<ul class=\"wp-block-list\">\r\n<li style=\"list-style-type: none;\">\r\n<ul class=\"wp-block-list\">\r\n<li><span style=\"color: #000000;\">Renforcement des formations et de l&#8217;employabilit\u00e9 dans le secteur de l\u2019environnement : Cela inclut la mise en place d&#8217;un R\u00e9f\u00e9rentiel M\u00e9tiers-R\u00e9f\u00e9rentiel Comp\u00e9tences (REMREC), la cr\u00e9ation d&#8217;un Observatoire des m\u00e9tiers verts, le financement des projets de montage de formations universitaires sur des th\u00e9matiques environnementales prioritaires, l&#8217;instauration des approches &#8220;Green&#8221; et Bilan Carbone dans les milieux universitaires, et le soutien \u00e0 la cr\u00e9ation de startups vertes.<\/span><\/li>\r\n\r\n\r\n\r\n<li><span style=\"color: #000000;\">Soutien \u00e0 la recherche appliqu\u00e9e collaborative et diffusion de la culture environnementale : Le programme &#8220;Green Impact&#8221; a lanc\u00e9 des appels \u00e0 projets pour la recherche scientifique appliqu\u00e9e, avec un objectif de financer 15 projets de recherche collaborative (budget moyen de 700 000 dinars par projet). Le projet appuiera \u00e9galement la diss\u00e9mination de la culture environnementale \u00e0 travers la soci\u00e9t\u00e9 civile et le concept d&#8217;\u00e9cole durable, avec 26 projets financ\u00e9s dans les \u00e9coles primaires, et le renforcement du tissu associatif Science-environnement.<\/span><\/li>\r\n\r\n\r\n\r\n<li><span style=\"color: #000000;\">Programme MOBIDOC Green: Ce programme mobilisera les jeunes chercheurs (docteurs et doctorants) et porteurs de projets pour r\u00e9aliser des travaux de recherche collaborative dans le domaine de l\u2019environnement, au profit d&#8217;organismes socio-\u00e9conomiques. Il offrira \u00e9galement un coaching pour la cr\u00e9ation de startups vertes.<\/span><\/li>\r\n<\/ul>\r\n<\/li>\r\n<\/ul>\r\n<p><span style=\"color: #000000;\"><\/span><\/p>\r\n<p><span style=\"color: #000000;\"><\/span><\/p>\r\n<p><span style=\"color: #000000;\">ARESSE se distingue par son approche int\u00e9gr\u00e9e qui lie \u00e9troitement l&#8217;enseignement sup\u00e9rieur, la recherche appliqu\u00e9e et le d\u00e9veloppement \u00e9conomique vert. Il vise \u00e0 structurer l&#8217;offre de formation en ad\u00e9quation avec les besoins du march\u00e9 du travail, \u00e0 catalyser l&#8217;innovation par le biais d&#8217;appels \u00e0 projets cibl\u00e9s et le soutien aux startups vertes, \u00e0 f\u00e9d\u00e9rer les acteurs (universit\u00e9s, entreprises, soci\u00e9t\u00e9 civile), et \u00e0 instaurer un changement de comportement syst\u00e9mique et une &#8220;approche Green&#8221; durable dans les universit\u00e9s.<\/span><\/p>\r\n<p><span style=\"color: #000000;\"><\/span><\/p>\r\n<p><span style=\"color: #000000;\">Monsieur Giuseppe Perrone, Ambassadeur de l&#8217;Union europ\u00e9enne en Tunisie a d\u00e9clar\u00e9 : &#8220;Ce projet incarne notre conviction commune que l\u2019\u00e9ducation, la science et la coop\u00e9ration internationale sont des leviers d\u2019action fondamentales pour faire face aux enjeux partag\u00e9s entre la Tunisie et l\u2019UE. Transformer l\u2019enseignement sup\u00e9rieur, ce n\u2019est pas uniquement revoir les programmes, c\u2019est changer les mentalit\u00e9s, favoriser l\u2019interdisciplinarit\u00e9, faire de l\u2019universit\u00e9 un acteur de terrain et un p\u00f4le de solutions concr\u00e8tes&#8221;.<\/span><\/p>\r\n<p><span style=\"color: #000000;\"><\/span><\/p>\r\n<p><\/p>\r\n<p class=\"has-dark-gray-color has-text-color has-link-color wp-elements-c02c1406181d6b8732967a365255d11d\"><span style=\"color: #000000;\">Le Professeur Chedly ABDELLY, Directeur G\u00e9n\u00e9ral de l&#8217;ANPR et Coordinateur national du projet ARESSE, a soulign\u00e9 : &#8220;Ce projet, financ\u00e9 par l&#8217;Union europ\u00e9enne, incarne notre vision d&#8217;une Tunisie pionni\u00e8re en mati\u00e8re de durabilit\u00e9 et d&#8217;innovation verte. ARESSE est bien plus qu&#8217;un simple projet, c&#8217;est un catalyseur de transformation, un pont entre le monde acad\u00e9mique, le secteur priv\u00e9 et la soci\u00e9t\u00e9 civile, pour faire \u00e9merger les solutions de demain&#8221;.<\/span><\/p>\r\n<p><span style=\"color: #000000;\"><\/span><\/p>\r\n<p><span style=\"color: #000000;\">L&#8217;\u00e9v\u00e9nement <strong>VERT&#8217;DEMAIN<\/strong> s&#8217;est tenu le mercredi 18 juin 2025, en pr\u00e9sence de hauts responsables tunisiens et europ\u00e9ens. M. Samir ABDELHAFIDH, Ministre de l&#8217;\u00c9conomie et de la Planification, M. Habib ABID, Ministre de l&#8217;Environnement, M. Mondher BELAID, Ministre de l&#8217;Enseignement Sup\u00e9rieur et de la Recherche Scientifique, ainsi que M. Giuseppe PERRONE, Ambassadeur de l&#8217;Union europ\u00e9enne en Tunisie, ont prononc\u00e9 des allocutions. La journ\u00e9e a \u00e9t\u00e9 marqu\u00e9e par plusieurs panels de discussion consacr\u00e9s \u00e0 la coop\u00e9ration internationale face aux d\u00e9fis environnementaux, \u00e0 l&#8217;int\u00e9gration de la dimension \u00e9cologique dans les r\u00e9formes institutionnelles, ainsi qu&#8217;aux enjeux de formation, d&#8217;employabilit\u00e9 et de promotion de l&#8217;entrepreneuriat vert.<\/span><\/p>\r\n<p>&nbsp;<\/p>\r\n<\/div><\/div>\r\n\r\n\r\n\r\n<figure class=\"wp-block-gallery has-nested-images columns-default is-cropped wp-block-gallery-1 is-layout-flex wp-block-gallery-is-layout-flex\">\r\n<figure class=\"wp-block-image size-large\"><img loading=\"lazy\" decoding=\"async\" width=\"1170\" height=\"694\" data-id=\"6648\" class=\"wp-image-6648\" src=\"https:\/\/tunisie-verte-durable.org\/wp-content\/uploads\/2025\/06\/photo-event-aresse-2-1170x694.jpeg\" alt=\"\" srcset=\"https:\/\/tunisie-verte-durable.org\/wp-content\/uploads\/2025\/06\/photo-event-aresse-2-1170x694.jpeg 1170w, https:\/\/tunisie-verte-durable.org\/wp-content\/uploads\/2025\/06\/photo-event-aresse-2-768x456.jpeg 768w, https:\/\/tunisie-verte-durable.org\/wp-content\/uploads\/2025\/06\/photo-event-aresse-2-440x260.jpeg 440w, https:\/\/tunisie-verte-durable.org\/wp-content\/uploads\/2025\/06\/photo-event-aresse-2-220x130.jpeg 220w\" sizes=\"auto, (max-width: 1170px) 100vw, 1170px\" \/><\/figure>\r\n\r\n\r\n\r\n<figure class=\"wp-block-image size-large\"><img loading=\"lazy\" decoding=\"async\" width=\"1170\" height=\"694\" data-id=\"6649\" class=\"wp-image-6649\" src=\"https:\/\/tunisie-verte-durable.org\/wp-content\/uploads\/2025\/06\/photo-event-aresse-3-1170x694.jpeg\" alt=\"\" srcset=\"https:\/\/tunisie-verte-durable.org\/wp-content\/uploads\/2025\/06\/photo-event-aresse-3-1170x694.jpeg 1170w, https:\/\/tunisie-verte-durable.org\/wp-content\/uploads\/2025\/06\/photo-event-aresse-3-768x456.jpeg 768w, https:\/\/tunisie-verte-durable.org\/wp-content\/uploads\/2025\/06\/photo-event-aresse-3-440x260.jpeg 440w, https:\/\/tunisie-verte-durable.org\/wp-content\/uploads\/2025\/06\/photo-event-aresse-3-220x130.jpeg 220w\" sizes=\"auto, (max-width: 1170px) 100vw, 1170px\" \/><\/figure>\r\n<\/figure>\r\n\r\n<p>&nbsp;<\/p>\r\n<p>[\/vc_column_text][\/vc_column][\/vc_row]<\/p><\/div>","protected":false},"excerpt":{"rendered":"<p>[vc_row][vc_column][vc_column_text css=&#8221;&#8221;]Sous le patronage de son Excellence Monsieur le Ministre de l&#8217;Enseignement Sup\u00e9rieur et de la Recherche Scientifique, l&#8217;Agence Nationale de la Promotion de la Recherche scientifique (ANPR) et ses partenaires sont fiers d&#8217;annoncer l&#8217;\u00e9v\u00e9nement VERT\u2019DEMAIN, qui s&#8217;inscrit dans le cadre du projet &#8220;Appui \u00e0 la Recherche et l&#8217;Enseignement Sup\u00e9rieur dans le Secteur de l&#8217;Environnement&#8221;<\/p>\n","protected":false},"author":1,"featured_media":6647,"comment_status":"closed","ping_status":"closed","sticky":false,"template":"","format":"standard","meta":{"_piecal_is_event":false,"_piecal_start_date":"","_piecal_end_date":"","_piecal_is_allday":false,"footnotes":""},"categories":[51,54],"tags":[],"class_list":["post-6646","post","type-post","status-publish","format-standard","has-post-thumbnail","hentry","category-news","category-aresse"],"aioseo_notices":[],"_links":{"self":[{"href":"https:\/\/tunisie-verte-durable.org\/index.php\/wp-json\/wp\/v2\/posts\/6646","targetHints":{"allow":["GET"]}}],"collection":[{"href":"https:\/\/tunisie-verte-durable.org\/index.php\/wp-json\/wp\/v2\/posts"}],"about":[{"href":"https:\/\/tunisie-verte-durable.org\/index.php\/wp-json\/wp\/v2\/types\/post"}],"author":[{"embeddable":true,"href":"https:\/\/tunisie-verte-durable.org\/index.php\/wp-json\/wp\/v2\/users\/1"}],"replies":[{"embeddable":true,"href":"https:\/\/tunisie-verte-durable.org\/index.php\/wp-json\/wp\/v2\/comments?post=6646"}],"version-history":[{"count":5,"href":"https:\/\/tunisie-verte-durable.org\/index.php\/wp-json\/wp\/v2\/posts\/6646\/revisions"}],"predecessor-version":[{"id":6786,"href":"https:\/\/tunisie-verte-durable.org\/index.php\/wp-json\/wp\/v2\/posts\/6646\/revisions\/6786"}],"wp:featuredmedia":[{"embeddable":true,"href":"https:\/\/tunisie-verte-durable.org\/index.php\/wp-json\/wp\/v2\/media\/6647"}],"wp:attachment":[{"href":"https:\/\/tunisie-verte-durable.org\/index.php\/wp-json\/wp\/v2\/media?parent=6646"}],"wp:term":[{"taxonomy":"category","embeddable":true,"href":"https:\/\/tunisie-verte-durable.org\/index.php\/wp-json\/wp\/v2\/categories?post=6646"},{"taxonomy":"post_tag","embeddable":true,"href":"https:\/\/tunisie-verte-durable.org\/index.php\/wp-json\/wp\/v2\/tags?post=6646"}],"curies":[{"name":"wp","href":"https:\/\/api.w.org\/{rel}","templated":true}]}}