{"id":6702,"date":"2025-09-06T11:44:21","date_gmt":"2025-09-06T09:44:21","guid":{"rendered":"https:\/\/tunisie-verte-durable.org\/?p=6702"},"modified":"2025-11-14T13:40:05","modified_gmt":"2025-11-14T12:40:05","slug":"rencontres-photographiques-de-ghar-el-melh-2025-creativite-durabilite","status":"publish","type":"post","link":"https:\/\/tunisie-verte-durable.org\/index.php\/news\/2025\/09\/06\/rencontres-photographiques-de-ghar-el-melh-2025-creativite-durabilite\/","title":{"rendered":"Rencontres photographiques de Ghar El Melh 2025\u00a0: Cr\u00e9ativit\u00e9 &amp; Durabilit\u00e9"},"content":{"rendered":"\n<p class=\"has-text-color has-link-color wp-elements-1994ce3986792c86659e021e0f548b80\" style=\"color:#000000\">Du 8 au 11 septembre 2025, des talents venus de toute la Tunisie et d\u2019Europe sont rassembl\u00e9s au Fort Lazaret de Ghar El Melh, Gouvernorat de Bizerte en Tunisie, pour partager leurs regards, leurs r\u00e9cits et leur engagement autour d\u2019un th\u00e8me capital : la durabilit\u00e9 et la lutte contre les changements climatiques.&nbsp;<br><br>Au programme, des expositions de photographes tunisiens et europ\u00e9ens, des masterclass th\u00e9matiques donn\u00e9es par des intervenants internationaux, et des balades photographiques \u00e0 la rencontre du patrimoine riche de Ghar El Melh. Cette petite ville abrite depuis plusieurs ann\u00e9es un \u00e9v\u00e9nement intitul\u00e9 \u00ab&nbsp;Les Rencontres photographiques de Ghar El Melh&nbsp;\u00bb. Soutenu depuis quelques ann\u00e9es par l\u2019Union europ\u00e9enne en Tunisie, l\u2019objectif est de sensibiliser aux effets des changements climatiques et renforcer la prise de conscience du grand public quant \u00e0 l\u2019urgence de l\u2019action pour la protection de l\u2019environnement, en mettant l\u2019art et la verve des cr\u00e9atrices tunisiennes et cr\u00e9ateurs tunisiens au service de cette cause noble.<\/p>\n\n\n\n<p class=\"has-text-color has-link-color wp-elements-a2b178faa5740d7fd3a07e459dc60ece\" style=\"color:#000000\">L\u2019\u00e9dition de cette ann\u00e9e, sous le nom de \u00ab Sawer bel akhdhar \u00bb, met \u00e0 contribution le talent des photographes professionnel.le.s pour organiser une exposition photo de groupe sur le th\u00e8me des enjeux climatiques et plus largement de la durabilit\u00e9. L\u2019action est d\u2019autant plus impactante, qu\u2019elle va aussi permettre de ressusciter un festival photo qui a arr\u00eat\u00e9 ses activit\u00e9s depuis 2015, \u00ab Les rencontres internationales de la photographie de Ghar El Melh \u00bb. Il sera le cadre id\u00e9al pour proposer un espace de dialogue o\u00f9 l\u2019art photographique contribue \u00e0 sensibiliser le public et \u00e0 valoriser les efforts de la communaut\u00e9 locale en mati\u00e8re de d\u00e9veloppement durable.<\/p>\n\n\n\n<p class=\"has-text-color has-link-color wp-elements-b99c894603854a9d5fcf6a6b0fb3c497\" style=\"color:#000000\">\u00ab Sawer bel akhdhar \u00bb ambitionne \u00e9galement de promouvoir la photographie comme forme d&#8217;art engag\u00e9, et la mettre au service du d\u00e9veloppement durable, ainsi que de soutenir la jeune g\u00e9n\u00e9ration de photographes tunisiens en leur offrant une plateforme d\u2019expression et d\u2019\u00e9change avec des professionnel internationaux. &nbsp;Cet \u00e9v\u00e9nement mettant en exergue l\u2019action synchrone de l\u2019\u00e9quipe Europe en Tunisie, valorisera le patrimoine historique, naturel et \u00e9cologique de Ghar el Melh, ainsi que les intiatives et le savoir-faire local.<\/p>\n\n\n\n<p class=\"has-text-color has-link-color wp-elements-1bff70eda6015b32b99bc128e91c831e\" style=\"color:#000000\">Plusieurs masterclasses en lien avec les enjeux de durabilit\u00e9 sont organis\u00e9es durant cet \u00e9dition. Tunisie Verte &amp; Durable y sera pr\u00e9sente \u00e0 travers deux de ses volets&nbsp;: Aresse et Greenov\u2019i, lesquels organiseront deux masterclasses. Celle de Aresse s\u2019intitule \u00ab&nbsp;<em>L\u2019agriculture Ramli de Ghar EL Melh, exemple de r\u00e9silience<\/em>&nbsp;\u00bb, et celle de Greenovi sera autour de \u00ab&nbsp;<em>La technologie au service de la cause climatique<\/em>&nbsp;\u00bb.<\/p>\n\n\n\n<p class=\"has-text-color has-link-color wp-elements-8c49b2147e742c6780eecff55bb81814\" style=\"color:#000000\"><strong>Masterclasse de Greenov\u2019i&nbsp;: 8 octobre 2025 \u00e0 10h30<\/strong><\/p>\n\n\n\n<p class=\"has-text-color has-link-color wp-elements-064e6cc37229851a4fc32b165e3f253e\" style=\"color:#000000\">Lors de la Masterclasse de Greenov\u2019i, les startups tunisiennes WaterSec et AquaDeep qui transforment les d\u00e9fis climatiques en opportunit\u00e9s, partageront leurs exp\u00e9riences et d\u00e9voileront leurs solutions concr\u00e8tes et nous feront d\u00e9couvrir comment l\u2019innovation peut g\u00e9n\u00e9rer un impact r\u00e9el et durable sur notre environnement. Dans un monde o\u00f9 chaque goutte d\u2019eau compte, cette masterclasse nous permettra \u00e9galement de voir comment la gestion de l\u2019eau se r\u00e9invente comme une v\u00e9ritable symphonie num\u00e9rique permettant aux entreprises de g\u00e9rer cette ressource vitale de mani\u00e8re plus responsable et durable. Durant cette masterclasse, nous verrons aussi comment la technologie peut s\u2019allier \u00e0 la nature pour r\u00e9volutionner l\u2019aquaculture. Gr\u00e2ce \u00e0 l\u2019intelligence artificielle et \u00e0 l\u2019Internet des objets, la gestion des \u00e9closeries est optimis\u00e9e, pour r\u00e9duire la mortalit\u00e9 des larves et am\u00e9liorer la qualit\u00e9 de l\u2019eau, ouvrant ainsi la voie \u00e0 une aquaculture plus saine et plus productive.<\/p>\n\n\n\n<p class=\"has-text-color has-link-color wp-elements-3b021da7341df14f95ad5df4e58b8d33\" style=\"color:#000000\"><strong>Masterclasse de Aresse&nbsp;: 10 octobre 2025 \u00e0 14h00<\/strong><\/p>\n\n\n\n<p class=\"has-text-color has-link-color wp-elements-a1b4c72ff05672118d4d372169af2fea\" style=\"color:#000000\">Lors de la Masterclasse de Aresse, Professeure Hasna Ellouzi, Ma\u00eetre Assistante en physiologie v\u00e9g\u00e9tale au Centre de Biotechnologie de Borj C\u00e9dria, nous fera rencontrer un monde v\u00e9g\u00e9tal singulier, celui des plantes extr\u00eamophiles, ces pionni\u00e8res r\u00e9silientes qui d\u00e9fient l\u2019aridit\u00e9 et les concentrations salines extr\u00eames. Ces plantes, qui peuplent la sebkha de Ghar Elmelh dans ses replis salins, repr\u00e9sentent un foisonnement de vie insoup\u00e7onn\u00e9 et des ressources d&#8217;une richesse inestimable. Ces \u00e9cosyst\u00e8mes uniques, v\u00e9ritables sanctuaires de biodiversit\u00e9 et laboratoires \u00e0 ciel ouvert, se r\u00e9v\u00e8leront lors de cette masterclasse &nbsp;en tant qu\u2019archives pr\u00e9cieuses de l&#8217;adaptation et des mod\u00e8les prometteurs pour une agriculture future, r\u00e9siliente face aux d\u00e9fis climatiques. Par l\u2019observation attentive, l\u2019exp\u00e9rimentation active et l\u2019\u00e9veil de la cr\u00e9ativit\u00e9, les participants percevront les secrets de ces survivantes hors du commun. Ils appr\u00e9henderont leur m\u00e9canisme de d\u00e9fense et de survie, transformant leur perception de ces paysages pour y voir non plus une \u00e9tendue st\u00e9rile, mais un symbole de t\u00e9nacit\u00e9 et une source d\u2019inspiration vitale.<\/p>\n\n\n\n<p class=\"has-text-color has-link-color wp-elements-2ba415298848332d219083fbe80dec6d\" style=\"color:#000000\"><strong>Deux Masterclasses \u00e0 ne pas rater&nbsp;!<\/strong><strong><\/strong><\/p>\n\n\n\n<p class=\"has-text-color has-link-color wp-elements-46242b8be97bd38aab63b2bb757f3fdd\" style=\"color:#000000\"><\/p>\n\n\n\n<p class=\"has-text-color has-link-color wp-elements-46242b8be97bd38aab63b2bb757f3fdd\" style=\"color:#000000\"><\/p>\n\n\n\n<p><\/p>\n\n\n\n<p><\/p>\n\n\n\n<hr class=\"wp-block-separator has-alpha-channel-opacity\"\/>\n\n\n\n<p class=\"has-text-color has-link-color wp-elements-ee0763fa4f09bd5345f8dfc83411ba81\" style=\"color:#000000\"><strong><em>Pourquoi Ghar El Melh ?<\/em><\/strong><\/p>\n\n\n\n<p class=\"has-text-color has-link-color wp-elements-311f52e97caee9a728ef523bdb9c17ef\" style=\"color:#000000\"><em>Ghar El Melh est un petit port lagunaire du nord de la Tunisie, dot\u00e9 d\u2019une lagune d&#8217;Importance Internationale prot\u00e9g\u00e9e par la convention de Ramsar depuis 2007, et a \u00e9t\u00e9 la premi\u00e8re ville arabe \u00e0 recevoir le label &#8220;Ville des zones humides&#8221; en 2018. Ce site exceptionnel, autrefois nomm\u00e9 Porto Farina, est riche d\u2019un \u00e9cosyst\u00e8me fragile (zones humides, plages, \u00e9cosyst\u00e8mes marins) et d\u2019une histoire plurimill\u00e9naire. Cependant, depuis une d\u00e9cennie, la lagune souffre d\u2019une urbanisation intense et des effets du changement climatique. Les projections sont alarmantes : le niveau de la mer pourrait s\u2019\u00e9lever d\u2019un m\u00e8tre d\u2019ici 2100, mena\u00e7ant l\u2019\u00e9quilibre de l\u2019\u00e9cosyst\u00e8me et les communaut\u00e9s qui en d\u00e9pendent.<\/em><\/p>\n\n\n\n<p class=\"has-text-color has-link-color wp-elements-e31714753c427117f07d109f025f3cda\" style=\"color:#000000\"><em>Jadis base navale et carrefour commercial, Ghar El Melh a vu se succ\u00e9der une colonie ph\u00e9nicienne, une cit\u00e9 romaine, un arsenal corsaire, puis un port de p\u00eache traditionnel \u2013 un h\u00e9ritage pluriel que la photographie peut aider \u00e0 faire revivre. Ghar El Melh conserve des traditions vivantes, telles que l\u2019agriculture Ramli pratiqu\u00e9e sur sable gr\u00e2ce aux eaux de pluie et aux mar\u00e9es \u2013 un savoir-faire agricole ancestral reconnu par la FAO comme Syst\u00e8me Ing\u00e9nieux du Patrimoine Agricole Mondial. Ce patrimoine naturel, culturel et humain constitue l\u2019\u00e2me de Ghar El Melh. Le contexte unique de Ghar El Melh \u2013 v\u00e9ritable microcosme des d\u00e9fis globaux li\u00e9s au climat et \u00e0 la conservation du patrimoine \u2013 servira de fil rouge \u00e0 cette manifestation culturelle.<\/em><\/p>\n\n\n\n<p class=\"has-text-color has-link-color wp-elements-e46a51cbb18fa726819515740f2eaf6c\" style=\"color:#000000\"><strong><em>Historique des Rencontres<\/em><\/strong><\/p>\n\n\n\n<p class=\"has-text-color has-link-color wp-elements-1f8b9c006b6b72a8150a237c29be1421\" style=\"color:#000000\"><em>Le festival Les Rencontres Internationales de la Photographie de Ghar el Melh<strong> <\/strong>\u00e9tait un \u00e9v\u00e9nement culturel majeur en Tunisie, d\u00e9di\u00e9 \u00e0 la promotion de la photographie contemporaine. Sa particularit\u00e9 est d\u2019allier convivialit\u00e9, cr\u00e9ativit\u00e9 et engagement citoyen. Fond\u00e9 en 2003 par un groupe de photographes passionn\u00e9s dont Salah Jabeur, il se tenait, comme son nom l\u2019indique, dans le village c\u00f4tier de Ghar el Melh, \u00e0 une heure de route de la capitale. Le festival a connu 9 \u00e9ditions avec une longue interruption de 4 ans en raison de la r\u00e9volution tunisienne. Il s\u2019est arr\u00eat\u00e9 \u00e0 cause d\u2019ing\u00e9rence politique dans \u201cl\u2019association de sauvegarde de la ville de Ghar el Melh\u201d, et de la p\u00e9nurie de financements. <strong>\u00a0<\/strong><\/em><\/p>\n","protected":false},"excerpt":{"rendered":"<p>Du 8 au 11 septembre 2025, des talents venus de toute la Tunisie et d\u2019Europe sont rassembl\u00e9s au Fort Lazaret de Ghar El Melh, Gouvernorat de Bizerte en Tunisie, pour partager leurs regards, leurs r\u00e9cits et leur engagement autour d\u2019un th\u00e8me capital : la durabilit\u00e9 et la lutte contre les changements climatiques.&nbsp; Au programme, des<\/p>\n","protected":false},"author":1,"featured_media":6703,"comment_status":"closed","ping_status":"closed","sticky":false,"template":"","format":"standard","meta":{"_piecal_is_event":false,"_piecal_start_date":"","_piecal_end_date":"","_piecal_is_allday":false,"footnotes":""},"categories":[51,54,53],"tags":[],"class_list":["post-6702","post","type-post","status-publish","format-standard","has-post-thumbnail","hentry","category-news","category-aresse","category-greenovi"],"aioseo_notices":[],"_links":{"self":[{"href":"https:\/\/tunisie-verte-durable.org\/index.php\/wp-json\/wp\/v2\/posts\/6702","targetHints":{"allow":["GET"]}}],"collection":[{"href":"https:\/\/tunisie-verte-durable.org\/index.php\/wp-json\/wp\/v2\/posts"}],"about":[{"href":"https:\/\/tunisie-verte-durable.org\/index.php\/wp-json\/wp\/v2\/types\/post"}],"author":[{"embeddable":true,"href":"https:\/\/tunisie-verte-durable.org\/index.php\/wp-json\/wp\/v2\/users\/1"}],"replies":[{"embeddable":true,"href":"https:\/\/tunisie-verte-durable.org\/index.php\/wp-json\/wp\/v2\/comments?post=6702"}],"version-history":[{"count":6,"href":"https:\/\/tunisie-verte-durable.org\/index.php\/wp-json\/wp\/v2\/posts\/6702\/revisions"}],"predecessor-version":[{"id":6713,"href":"https:\/\/tunisie-verte-durable.org\/index.php\/wp-json\/wp\/v2\/posts\/6702\/revisions\/6713"}],"wp:featuredmedia":[{"embeddable":true,"href":"https:\/\/tunisie-verte-durable.org\/index.php\/wp-json\/wp\/v2\/media\/6703"}],"wp:attachment":[{"href":"https:\/\/tunisie-verte-durable.org\/index.php\/wp-json\/wp\/v2\/media?parent=6702"}],"wp:term":[{"taxonomy":"category","embeddable":true,"href":"https:\/\/tunisie-verte-durable.org\/index.php\/wp-json\/wp\/v2\/categories?post=6702"},{"taxonomy":"post_tag","embeddable":true,"href":"https:\/\/tunisie-verte-durable.org\/index.php\/wp-json\/wp\/v2\/tags?post=6702"}],"curies":[{"name":"wp","href":"https:\/\/api.w.org\/{rel}","templated":true}]}}