{"id":6731,"date":"2025-11-10T14:28:33","date_gmt":"2025-11-10T13:28:33","guid":{"rendered":"https:\/\/tunisie-verte-durable.org\/?p=6731"},"modified":"2025-12-16T11:34:09","modified_gmt":"2025-12-16T10:34:09","slug":"decloisonner-pour-mieux-negocier-a-la-cop30","status":"publish","type":"post","link":"https:\/\/tunisie-verte-durable.org\/index.php\/news\/2025\/11\/10\/decloisonner-pour-mieux-negocier-a-la-cop30\/","title":{"rendered":"D\u00e9cloisonner pour mieux n\u00e9gocier \u00e0 la COP30"},"content":{"rendered":"\n<p>Face \u00e0 l\u2019urgence climatique, combin\u00e9e \u00e0 la perte de biodiversit\u00e9 et \u00e0 la d\u00e9gradation des terres, la Tunisie est confront\u00e9e \u00e0 des d\u00e9fis environnementaux majeurs n\u00e9cessitant des r\u00e9ponses coordonn\u00e9es. L\u2019exp\u00e9rience internationale d\u00e9montre que la mise en \u0153uvre coh\u00e9rente des trois Conventions de Rio (CCNUCC, CDB, CNULD) permet de maximiser les co-b\u00e9n\u00e9fices, d\u2019am\u00e9liorer l\u2019efficacit\u00e9 des politiques publiques et de renforcer la mobilisation des financements. La Tunisie a d\u00e9j\u00e0 pos\u00e9 les bases de cette approche \u00e0 travers la Strat\u00e9gie nationale de transition \u00e9cologique (2023) et des initiatives ant\u00e9rieures en mati\u00e8re de synergies. Toutefois, il reste indispensable de consolider les m\u00e9canismes de coordination institutionnelle, de renforcer les capacit\u00e9s techniques et de d\u00e9velopper des outils de planification int\u00e9gr\u00e9e.<\/p>\n\n\n\n<p>Dans ce cadre, et dans la perspective des pr\u00e9paratifs pour la COP30 au Br\u00e9sil, le minist\u00e8re de l\u2019Environnement, avec l\u2019appui du projet PAGECTE, a organis\u00e9 durant le mois d\u2019octobre 2025 un atelier visant \u00e0 ouvrir un espace de r\u00e9flexion collective et de concertation autour des synergies entre les trois Conventions de Rio. Cet atelier a contribu\u00e9 \u00e0 renforcer la coh\u00e9rence et l\u2019impact des actions environnementales et climatiques en Tunisie, tout en positionnant le pays de mani\u00e8re proactive dans les n\u00e9gociations internationales \u00e0 venir.<\/p>\n\n\n\n<p><strong>Objectif de l\u2019atelier<\/strong><\/p>\n\n\n\n<p>L\u2019atelier avait pour objectifs de :<\/p>\n\n\n\n<ul class=\"wp-block-list\">\n<li>Renforcer la compr\u00e9hension des opportunit\u00e9s offertes par une approche int\u00e9gr\u00e9e des trois Conventions de Rio et sensibiliser les acteurs.rices nationaux.ames \u00e0 leurs co-b\u00e9n\u00e9fices.<\/li>\n\n\n\n<li>Identifier les leviers institutionnels et strat\u00e9giques permettant d\u2019am\u00e9liorer la coordination entre les actions climatiques, la pr\u00e9servation de la biodiversit\u00e9 et la lutte contre la d\u00e9sertification.<\/li>\n\n\n\n<li>Explorer des solutions concr\u00e8tes pour la mise en place d\u2019un cadre de planification int\u00e9gr\u00e9 et pour le renforcement des capacit\u00e9s nationales en mati\u00e8re de synergies et de co-b\u00e9n\u00e9fices.<\/li>\n\n\n\n<li>Favoriser l\u2019\u00e9mergence d\u2019une vision commune et de recommandations op\u00e9rationnelles, notamment en vue de la cr\u00e9ation d\u2019un m\u00e9canisme national de coordination (ex. comit\u00e9 national Rio ou unit\u00e9 transversale).<\/li>\n\n\n\n<li>Pr\u00e9parer les acteurs nationaux aux n\u00e9gociations de la COP30 au Br\u00e9sil, en renfor\u00e7ant leur capacit\u00e9 \u00e0 porter une position tunisienne coh\u00e9rente, int\u00e9gr\u00e9e et ambitieuse.<\/li>\n<\/ul>\n\n\n\n<p>En s\u2019inscrivant dans la dynamique pr\u00e9paratoire de la COP30 au Br\u00e9sil, l\u2019atelier visait \u00e0 positionner la Tunisie de mani\u00e8re proactive dans les n\u00e9gociations internationales, en valorisant une gouvernance nationale plus coh\u00e9rente et transversale.<\/p>\n\n\n\n<p><\/p>\n\n\n\n<p>TELECHARGEZ LE <a href=\"https:\/\/tunisie-verte-durable.org\/wp-content\/uploads\/2025\/12\/PAGECTE-Bilan-des-travaux-de-la-COP30-a-Belem.pdf\" target=\"_blank\" rel=\"noopener\" title=\"PAGECTE-Bilan des travaux de la COP30 \u00e0 Bel\u00e9m\">BILAN DES TRAVAUX DE LA COP30 A BELEM<\/a><\/p>\n","protected":false},"excerpt":{"rendered":"<p>Face \u00e0 l\u2019urgence climatique, combin\u00e9e \u00e0 la perte de biodiversit\u00e9 et \u00e0 la d\u00e9gradation des terres, la Tunisie est confront\u00e9e \u00e0 des d\u00e9fis environnementaux majeurs n\u00e9cessitant des r\u00e9ponses coordonn\u00e9es. L\u2019exp\u00e9rience internationale d\u00e9montre que la mise en \u0153uvre coh\u00e9rente des trois Conventions de Rio (CCNUCC, CDB, CNULD) permet de maximiser les co-b\u00e9n\u00e9fices, d\u2019am\u00e9liorer l\u2019efficacit\u00e9 des politiques<\/p>\n","protected":false},"author":1,"featured_media":6730,"comment_status":"closed","ping_status":"closed","sticky":false,"template":"","format":"standard","meta":{"_piecal_is_event":false,"_piecal_start_date":"","_piecal_end_date":"","_piecal_is_allday":false,"footnotes":""},"categories":[51,52],"tags":[],"class_list":["post-6731","post","type-post","status-publish","format-standard","has-post-thumbnail","hentry","category-news","category-pagecte"],"aioseo_notices":[],"_links":{"self":[{"href":"https:\/\/tunisie-verte-durable.org\/index.php\/wp-json\/wp\/v2\/posts\/6731","targetHints":{"allow":["GET"]}}],"collection":[{"href":"https:\/\/tunisie-verte-durable.org\/index.php\/wp-json\/wp\/v2\/posts"}],"about":[{"href":"https:\/\/tunisie-verte-durable.org\/index.php\/wp-json\/wp\/v2\/types\/post"}],"author":[{"embeddable":true,"href":"https:\/\/tunisie-verte-durable.org\/index.php\/wp-json\/wp\/v2\/users\/1"}],"replies":[{"embeddable":true,"href":"https:\/\/tunisie-verte-durable.org\/index.php\/wp-json\/wp\/v2\/comments?post=6731"}],"version-history":[{"count":4,"href":"https:\/\/tunisie-verte-durable.org\/index.php\/wp-json\/wp\/v2\/posts\/6731\/revisions"}],"predecessor-version":[{"id":6794,"href":"https:\/\/tunisie-verte-durable.org\/index.php\/wp-json\/wp\/v2\/posts\/6731\/revisions\/6794"}],"wp:featuredmedia":[{"embeddable":true,"href":"https:\/\/tunisie-verte-durable.org\/index.php\/wp-json\/wp\/v2\/media\/6730"}],"wp:attachment":[{"href":"https:\/\/tunisie-verte-durable.org\/index.php\/wp-json\/wp\/v2\/media?parent=6731"}],"wp:term":[{"taxonomy":"category","embeddable":true,"href":"https:\/\/tunisie-verte-durable.org\/index.php\/wp-json\/wp\/v2\/categories?post=6731"},{"taxonomy":"post_tag","embeddable":true,"href":"https:\/\/tunisie-verte-durable.org\/index.php\/wp-json\/wp\/v2\/tags?post=6731"}],"curies":[{"name":"wp","href":"https:\/\/api.w.org\/{rel}","templated":true}]}}