{"id":6761,"date":"2025-11-14T10:37:17","date_gmt":"2025-11-14T09:37:17","guid":{"rendered":"https:\/\/tunisie-verte-durable.org\/?p=6761"},"modified":"2025-11-14T13:37:31","modified_gmt":"2025-11-14T12:37:31","slug":"forets-societe-civile","status":"publish","type":"post","link":"https:\/\/tunisie-verte-durable.org\/index.php\/news\/2025\/11\/14\/forets-societe-civile\/","title":{"rendered":"Forets &amp; soci\u00e9t\u00e9 civile"},"content":{"rendered":"<div class=\"wpb-content-wrapper\"><p>[vc_row css=&#8221;.vc_custom_1763123270764{margin-top: -70px !important;}&#8221;][vc_column][vc_column_text css=&#8221;&#8221;]<\/p>\r\n<p><span style=\"color: #333333;\">Les for\u00eats tunisiennes, riches en biodiversit\u00e9 et en services \u00e9cosyst\u00e9miques, sont \u00e9troitement li\u00e9es aux soci\u00e9t\u00e9s rurales qui vivent \u00e0 leur proximit\u00e9. Aujourd\u2019hui, face \u00e0 l\u2019ampleur des d\u00e9fis environnementaux \u2014 changements climatiques, incendies, d\u00e9forestation, conflits d\u2019usage \u2014 il devient urgent de reconna\u00eetre, renforcer et structurer le r\u00f4le de la soci\u00e9t\u00e9 civile dans la gouvernance foresti\u00e8re. Les communaut\u00e9s locales, les coop\u00e9ratives, les associations de d\u00e9veloppement, les ONG environnementales et les initiatives citoyennes ont d\u00e9montr\u00e9, \u00e0 travers diverses exp\u00e9riences, leur capacit\u00e9 \u00e0 g\u00e9rer durablement les ressources foresti\u00e8res, \u00e0 restaurer les \u00e9cosyst\u00e8mes et \u00e0 innover dans les mod\u00e8les de cogestion.<\/span><\/p>\r\n<p><span style=\"color: #333333;\"><\/span><\/p>\r\n<p><span style=\"color: #333333;\">Dans ce contexte, PAGECTE, un des quatre Volets du programme \u00ab\u00a0Tunisie Verte &amp; Durable\u00a0\u00bb pour l\u2019appui de l\u2019Union europ\u00e9enne \u00a0\u00e0 l\u2019action environnementale en Tunisie, a organis\u00e9 le 14 novembre 2025 \u00e0 la Cit\u00e9 des Sciences de Tunis, la Journ\u00e9e Nationale \u201cFor\u00eats et Soci\u00e9t\u00e9 Civile\u201d ayant pour objectif de valoriser ces initiatives, renforcer les capacit\u00e9s locales et plaider pour un cadre plus inclusif, participatif et \u00e9quitable de gouvernance des for\u00eats en Tunisie, plus sp\u00e9cifiquement il s\u2019agissait de mettre en lumi\u00e8re le r\u00f4le cl\u00e9 de la soci\u00e9t\u00e9 civile et des communaut\u00e9s dans la gestion durable des for\u00eats tunisiennes et promouvoir leur int\u00e9gration dans les processus de gouvernance foresti\u00e8re.<\/span><\/p>\r\n<p><span style=\"color: #333333;\"><\/span><\/p>\r\n<p><span style=\"color: #333333;\">Cette journ\u00e9e a r\u00e9uni des associations de d\u00e9veloppement rural, des ONG environnementales, des groupes citoyens, des coop\u00e9ratives et groupements f\u00e9minins ou de jeunes, des repr\u00e9sentants des autorit\u00e9s locales et r\u00e9gionales, des acteurs de la recherche et partenaires au d\u00e9veloppement, et des m\u00e9dias sp\u00e9cialis\u00e9s dans l\u2019environnement et le d\u00e9veloppement local.<\/span><\/p>\r\n<p><span style=\"color: #333333;\"><\/span><\/p>\r\n<p><span style=\"color: #333333;\">Durant cette journ\u00e9e plusieurs personnalit\u00e9s et experts ont pris la parole\u00a0:<\/span><\/p>\r\n<p><span style=\"color: #333333;\"><\/span><\/p>\r\n<p><span style=\"color: #333333;\">Mme Zina Skandrani, Cheffe du projet PAGECTE, a ouvert la journ\u00e9e en rappelant que \u00ab\u00a0depuis quelques jours la COP30 s\u2019est ouvert au Bresil \u00a0et parmi ses th\u00e8mes il y avait l\u2019importance des forets dans la lutte contre les changements climatiques\u00a0\u00bb. \u00ab\u00a0Les forets et le reboisement ont une importance capitale en mati\u00e8re de r\u00e9silience climatique en Tunisie, et le r\u00f4le de la soci\u00e9t\u00e9 civile est capital \u00e0 cet effet notamment par leur capacit\u00e9s de mobilisation de volontaires \u00a0et leurs actions \u00e0 l\u2019\u00e9chelle locale\u00a0\u00bb a-t-elle ajout\u00e9.<\/span><\/p>\r\n<p><span style=\"color: #333333;\"><\/span><\/p>\r\n<p><span style=\"color: #333333;\">Mme Aouatef Messa\u00ef, Charg\u00e9e de la qualit\u00e9 de vie au sein du minist\u00e8re de l\u2019environnement, a insist\u00e9 sur le fait \u00a0que \u00ab\u00a0le secteur forestier a une importance capitale en mati\u00e8re de transition \u00e9cologique\u00a0\u00bb. \u00ab\u00a0Il faut r\u00e9tablir notre relation avec la nature pour stopper sa d\u00e9gradation en adoptant des attitudes et des id\u00e9es capables de r\u00e9veiller les consciences et respecter la biodiversit\u00e9 \u00e0 travers des approches participatives\u00a0\u00bb a-t-elle soutenu en ajoutant que \u00ab\u00a0la strat\u00e9gie de la Tunisie tient compte de plusieurs facteurs parmi lesquels la d\u00e9gradation du climat, le d\u00e9s\u00e9quilibre des \u00e9cosyst\u00e8mes et l\u2019importance de la gestion durable des d\u00e9chets\u00a0\u00bb. \u00ab Un grand nombre de projets d\u2019adaptation ou d\u2019att\u00e9nuation des effets des changements climatiques sont actuellement en cours, comme celui de la Ceinture Verte qui sera mis en \u0153uvre de 2026 \u00e0 2036 et qui contribuera \u00e0 atteindre les objectifs de la strat\u00e9gie nationale\u00a0\u00bb a-t-elle soulign\u00e9.<\/span><\/p>\r\n<p><span style=\"color: #333333;\"><\/span><\/p>\r\n<p><span style=\"color: #333333;\">M. Naoufel Ben Haha, repr\u00e9sentant de la Direction g\u00e9n\u00e9rale des for\u00eats, a insist\u00e9 sur le r\u00f4le des forets et des parcours pastoraux dans le d\u00e9veloppement socio\u00e9conomique du pays en soutenant que les efforts en mati\u00e8re de recherches scientifiques ainsi qu\u2019en mati\u00e8re de communication et de sensibilisation dans ce secteur seront toujours d\u00e9terminants. \u00ab\u00a0Les forets et les espaces pastoraux sont primordiaux dans la lutte contre la d\u00e9sertification et n\u00e9cessitent une attention particuli\u00e8re de tous les acteurs pour att\u00e9nuer les effets des changements climatiques\u00a0\u00bb a-t-il insist\u00e9. Selon M. Ben Haha \u00ab\u00a0plusieurs r\u00e9gions tunisiennes sont directement concern\u00e9es et n\u00e9cessitent de grands efforts\u00a0\u00bb. \u00ab\u00a0La soci\u00e9t\u00e9 civile est un partenaire majeure et nous sommes ouverts \u00e0 toutes les initiatives s\u00e9rieuses pour la protection des forets et des parcours pastoraux\u00a0\u00bb a-t-il soulign\u00e9.<\/span><\/p>\r\n<p><span style=\"color: #333333;\"><\/span><\/p>\r\n<p><span style=\"color: #333333;\">M. Nadhem Rachdi du PAGECTE a rappel\u00e9 les principaux d\u00e9fis\u00a0actuels\u00a0en Tunisie: La perte de la biodiversit\u00e9, la rar\u00e9faction des ressources naturelles, et la crise climatique. \u00ab\u00a0A cet effet, un programme d\u2019appui intitul\u00e9 \u2018Tunisie Verte &amp; Durable\u2019 a \u00e9t\u00e9 lanc\u00e9 pour appuyer 4 projets\u00a0: , <a style=\"color: #333333;\" title=\"\" href=\"https:\/\/tunisie-verte-durable.org\/index.php\/projet\/greenovi\/\" target=\"_blank\" rel=\"noopener\">GREENOV\u2019I<\/a>, <a style=\"color: #333333;\" title=\"\" href=\"https:\/\/tunisie-verte-durable.org\/index.php\/projet\/aresse\/\" target=\"_blank\" rel=\"noopener\">ARESSE<\/a>, <a style=\"color: #333333;\" title=\"\" href=\"https:\/\/tunisie-verte-durable.org\/index.php\/projet\/local\/\" target=\"_blank\" rel=\"noopener\">LOCAL<\/a> et <a style=\"color: #333333;\" title=\"\" href=\"https:\/\/tunisie-verte-durable.org\/index.php\/projet\/projet-d-appui-a-la-gouvernance-environnementale-et-climatique-pour-une-transition-ecologique-en-tunisie\/\" target=\"_blank\" rel=\"noopener\">PAGECTE<\/a>\u00a0\u00bb a expliqu\u00e9 M. Rachdi. \u00ab\u00a0Le projet PAGECTE s\u2019articule autour de plusieurs axes de travail dont celui qui vise l\u2019implication active de la soci\u00e9t\u00e9 civile dans l\u2019action environnementale. Leur sensibilisation et leur mobilisation citoyenne, leurs actions concretes de terrain et le renforcement de leurs capacit\u00e9s institutionnelles et du plaidoyer vont constituer le c\u0153ur de notre travail en faveur de la soci\u00e9t\u00e9 civile\u00a0\u00bb a pr\u00e9cis\u00e9 M. Rachdi. \u00ab\u00a0Nous allons \u00e9galement soutenir certains projets d&#8217;associations pour contribuer \u00e0 d\u00e9velopper la durabilit\u00e9, la capitalisation et la mise \u00e0 l\u2019\u00e9chelle des actions de la soci\u00e9t\u00e9 civile \u00bb a-t-il ajout\u00e9 en insistant sur l&#8217;importance du r\u00e9seautage associatif pour optimiser l&#8217;action de la soci\u00e9t\u00e9 civile.<\/span><\/p>\r\n<p><span style=\"color: #333333;\"><\/span><\/p>\r\n<p><span style=\"color: #333333;\">La journ\u00e9e s\u2019est poursuivie \u00e0 travers des expos\u00e9s et des discussions autour des panels suivants\u00a0: Le r\u00f4le de la soci\u00e9t\u00e9 civile et des communaut\u00e9s locales dans la cogestion durable et int\u00e9gr\u00e9e des \u00e9cosyst\u00e8mes forestiers\u00a0; l\u2019implication des OSC dans la gouvernance du domaine forestier\u00a0; et le plaidoyer strat\u00e9gique forestier. A cette occasion, les associations Tunisie clean-up, Focus Coop\u00e9ration, les Scouts de Tunisie, et l&#8217;association Enfants de la terre ont pris part aux diff\u00e9rents panels en apportant leurs t\u00e9moignages et exposant leurs principals activit\u00e9s. Tous ces acteurs de la soci\u00e9t\u00e9 civile ont plaid\u00e9 pour plus de partenariats avec les pouvoirs publics , en attirant l&#8217;attention sur l&#8217;importance de la protection sociale des travailleurs et artisans forestiers ainsi que la valorisation de leurs produits, sans oublier l&#8217;utilit\u00e9 de l&#8217;int\u00e9gration des outils technologiques innovants dans les projets associatifs.<\/span><\/p>\r\n<p><span style=\"color: #333300;\"><\/span><br \/><span style=\"color: #333300;\"><\/span><\/p>\r\n<p><span style=\"color: #0000ff;\"><a style=\"color: #0000ff;\" href=\"http:\/\/tunisie-verte-durable.org\/wp-content\/uploads\/2025\/11\/Programme-Journee.pdf\">Programme de la journ\u00e9e<\/a><\/span><\/p>\r\n<p><span style=\"color: #333300;\">\u00a0<\/span><\/p>\r\n<p>[\/vc_column_text][\/vc_column][\/vc_row]<\/p><\/div>","protected":false},"excerpt":{"rendered":"<p>[vc_row css=&#8221;.vc_custom_1763123270764{margin-top: -70px !important;}&#8221;][vc_column][vc_column_text css=&#8221;&#8221;] Les for\u00eats tunisiennes, riches en biodiversit\u00e9 et en services \u00e9cosyst\u00e9miques, sont \u00e9troitement li\u00e9es aux soci\u00e9t\u00e9s rurales qui vivent \u00e0 leur proximit\u00e9. Aujourd\u2019hui, face \u00e0 l\u2019ampleur des d\u00e9fis environnementaux \u2014 changements climatiques, incendies, d\u00e9forestation, conflits d\u2019usage \u2014 il devient urgent de reconna\u00eetre, renforcer et structurer le r\u00f4le de la soci\u00e9t\u00e9 civile<\/p>\n","protected":false},"author":1,"featured_media":6763,"comment_status":"closed","ping_status":"closed","sticky":false,"template":"","format":"standard","meta":{"_piecal_is_event":false,"_piecal_start_date":"","_piecal_end_date":"","_piecal_is_allday":false,"footnotes":""},"categories":[51,52],"tags":[],"class_list":["post-6761","post","type-post","status-publish","format-standard","has-post-thumbnail","hentry","category-news","category-pagecte"],"aioseo_notices":[],"_links":{"self":[{"href":"https:\/\/tunisie-verte-durable.org\/index.php\/wp-json\/wp\/v2\/posts\/6761","targetHints":{"allow":["GET"]}}],"collection":[{"href":"https:\/\/tunisie-verte-durable.org\/index.php\/wp-json\/wp\/v2\/posts"}],"about":[{"href":"https:\/\/tunisie-verte-durable.org\/index.php\/wp-json\/wp\/v2\/types\/post"}],"author":[{"embeddable":true,"href":"https:\/\/tunisie-verte-durable.org\/index.php\/wp-json\/wp\/v2\/users\/1"}],"replies":[{"embeddable":true,"href":"https:\/\/tunisie-verte-durable.org\/index.php\/wp-json\/wp\/v2\/comments?post=6761"}],"version-history":[{"count":13,"href":"https:\/\/tunisie-verte-durable.org\/index.php\/wp-json\/wp\/v2\/posts\/6761\/revisions"}],"predecessor-version":[{"id":6785,"href":"https:\/\/tunisie-verte-durable.org\/index.php\/wp-json\/wp\/v2\/posts\/6761\/revisions\/6785"}],"wp:featuredmedia":[{"embeddable":true,"href":"https:\/\/tunisie-verte-durable.org\/index.php\/wp-json\/wp\/v2\/media\/6763"}],"wp:attachment":[{"href":"https:\/\/tunisie-verte-durable.org\/index.php\/wp-json\/wp\/v2\/media?parent=6761"}],"wp:term":[{"taxonomy":"category","embeddable":true,"href":"https:\/\/tunisie-verte-durable.org\/index.php\/wp-json\/wp\/v2\/categories?post=6761"},{"taxonomy":"post_tag","embeddable":true,"href":"https:\/\/tunisie-verte-durable.org\/index.php\/wp-json\/wp\/v2\/tags?post=6761"}],"curies":[{"name":"wp","href":"https:\/\/api.w.org\/{rel}","templated":true}]}}